{"id":2509,"date":"2023-04-07T07:29:29","date_gmt":"2023-04-07T07:29:29","guid":{"rendered":"https:\/\/sites.ecclesia.pt\/loc-mtc\/?p=2509"},"modified":"2023-04-07T07:30:12","modified_gmt":"2023-04-07T07:30:12","slug":"mtce-pascoa-2023-apelo-a-paz","status":"publish","type":"post","link":"https:\/\/sites.ecclesia.pt\/loc-mtc\/mtce-pascoa-2023-apelo-a-paz\/","title":{"rendered":"MTCE: P\u00e1scoa 2023 &#8211; Apelo \u00e0 Paz."},"content":{"rendered":"<p>Duas vezes no Evangelho de Jo\u00e3o, ap\u00f3s a Ressurrei\u00e7\u00e3o, Jesus diz aos seus disc\u00edpulos: Que a paz esteja convosco. Este desejo de Jesus n\u00e3o se dirige apenas aos seus<br \/>\ndisc\u00edpulos, mas a toda a humanidade. E hoje ousamos dizer que \u00e9 dirigido a todos os pa\u00edses onde existem conflitos armados, de maior ou menor intensidade, e especialmente aos povos da Ucr\u00e2nia e da R\u00fassia.<\/p>\n<p>Uma mensagem dirigida aos povos e aos l\u00edderes dos povos, aos pol\u00edticos e aos l\u00edderes militares. Uma mensagem dirigida aos mais fracos de todos os povos onde existem conflitos armados. Uma mensagem a tantas m\u00e3es, a tantas esposas, a tantos filhos pequenos, que v\u00eaem que os seus filhos, os seus maridos, ou os seus pais, n\u00e3o regressam por terem morrido no campo de batalha. A paz que Jesus nos deseja \u00e9 uma mensagem de esperan\u00e7a com o desejo de que os poderosos suavizem os seus cora\u00e7\u00f5es e procurem a compreens\u00e3o.<\/p>\n<p>Dois n\u00e3o discutem se n\u00e3o quiserem, diz um conhecido e s\u00e1bio ditado que capta a experi\u00eancia de longos anos de conflito. \u00c9 por isso que a m\u00e1xima latina Si vis pacem para bellum poderia tornar-se Si vis pacem para pacem, se as partes em conflito estivessem dispostas a p\u00f4r fim a todas as hostilidades, quer armadas, econ\u00f3micas, culturais, sociais ou laborais. Assim, o apelo de Jesus a ser pacificador faz todo o sentido nos nossos dias, face a todos os conflitos: Aben\u00e7oados sejam os pacificadores, pois Deus chamar-lhes-\u00e1 seus filhos, lemos no Evangelho de Mateus. Este texto recorda-nos que a paz \u00e9 trabalho, porque demasiadas vezes as hostilidades e querelas surgem do cora\u00e7\u00e3o humano.<\/p>\n<p>O ap\u00f3stolo Paulo, na sua carta aos G\u00e1latas, prop\u00f5e-nos viver segundo o Esp\u00edrito, que nos leva a desejar a paz e a viver atitudes de paz: O Esp\u00edrito produz amor, alegria, paz, toler\u00e2ncia, bondade, bondade, lealdade, humildade e autocontrolo. Face a esta proposta, interrogamo-nos sobre os crit\u00e9rios que guiam os l\u00edderes das na\u00e7\u00f5es em conflito: s\u00e3o crit\u00e9rios religiosos, ou s\u00e3o crit\u00e9rios de inveja, vingan\u00e7a, poder e lucro econ\u00f3mico? T\u00eam a atitude de Caim? Talvez nunca tenham aberto os seus ouvidos para ouvir a pergunta de Deus a Caim: Onde est\u00e1 o teu irm\u00e3o?<\/p>\n<p>A guerra s\u00f3 produz pobreza de todo o tipo, da qual s\u00e3o v\u00edtimas principalmente os trabalhadores e tantas pessoas marcadas por todo o tipo de fraquezas. Portanto, como movimentos pertencentes ao Movimento dos Trabalhadores Crist\u00e3os Europeus, somos solid\u00e1rios com os trabalhadores da Ucr\u00e2nia e da R\u00fassia e apoiamos o seu desejo de paz e o seu direito a um trabalho digno.<\/p>\n<p>Mas queremos tamb\u00e9m chamar a aten\u00e7\u00e3o para as propostas patri\u00f3ticas e ultranacionalistas que muitas vezes escondem os interesses pessoais e lucrativos dos<br \/>\npoderosos, cujos filhos nunca ser\u00e3o enviados para morrer na guerra, cujos empregos nunca ser\u00e3o destru\u00eddos, cujos interesses s\u00e3o disfar\u00e7ados de amor \u00e0 p\u00e1tria e discursos grandiloquentes e ardentes que disfar\u00e7am a sua \u00e2nsia de lucro e poder.<\/p>\n<p>Por todas estas raz\u00f5es, exigimos a cessa\u00e7\u00e3o imediata das hostilidades e a pr\u00e1tica do di\u00e1logo e da negocia\u00e7\u00e3o, e que toda a comunidade internacional se envolva na<br \/>\nconstru\u00e7\u00e3o da desejada paz. Propomos tamb\u00e9m que os recursos que est\u00e3o a ser dedicados \u00e0 manuten\u00e7\u00e3o do conflito na Ucr\u00e2nia sejam dedicados \u00e0 reconstru\u00e7\u00e3o de todas as \u00e1reas em ru\u00ednas e \u00e0 promo\u00e7\u00e3o de trabalho digno. E que os meios econ\u00f3micos que a R\u00fassia est\u00e1 a dedicar \u00e0 guerra que iniciou ao invadir a Ucr\u00e2nia sejam dedicados \u00e0 promo\u00e7\u00e3o do emprego e do bem-estar dos seus cidad\u00e3os. Propomos tamb\u00e9m humildemente que as Igrejas crist\u00e3s da Ucr\u00e2nia e da R\u00fassia, nossas irm\u00e3s, trabalhem com o Evangelho nas m\u00e3os para alcan\u00e7ar a paz, e para serem filhas dignas de Deus, que nos criou \u00e0 Sua imagem e semelhan\u00e7a. Que a paz implique a cessa\u00e7\u00e3o da viol\u00eancia, a cessa\u00e7\u00e3o da injusti\u00e7a e a cessa\u00e7\u00e3o de todas as justifica\u00e7\u00f5es para a guerra como forma de resolver os conflitos entre<br \/>\nos povos.<\/p>\n<p>Que a paz seja o melhor fruto da P\u00e1scoa que estamos agora a celebrar.<\/p>\n<p>Comit\u00e9 Permanente do Movimento dos Trabalhadores Crist\u00e3os Europeus, Abril 2023<\/p>\n","protected":false},"excerpt":{"rendered":"<p>A paz esteja convosco, filhos e filhas da Ucr\u00e2nia e da R\u00fassia, filhos e filhas da Europa.<\/p>\n","protected":false},"author":2,"featured_media":2491,"comment_status":"closed","ping_status":"closed","sticky":false,"template":"","format":"standard","meta":{"_et_pb_use_builder":"","_et_pb_old_content":"","_et_gb_content_width":"","footnotes":""},"categories":[2],"tags":[],"class_list":["post-2509","post","type-post","status-publish","format-standard","has-post-thumbnail","hentry","category-noticias"],"yoast_head":"<!-- This site is optimized with the Yoast SEO plugin v26.9 - https:\/\/yoast.com\/product\/yoast-seo-wordpress\/ -->\n<title>MTCE: P\u00e1scoa 2023 - Apelo \u00e0 Paz. - LOC-MTC<\/title>\n<meta name=\"robots\" content=\"index, follow, max-snippet:-1, max-image-preview:large, max-video-preview:-1\" \/>\n<link rel=\"canonical\" href=\"https:\/\/sites.ecclesia.pt\/loc-mtc\/mtce-pascoa-2023-apelo-a-paz\/\" \/>\n<meta property=\"og:locale\" content=\"pt_PT\" \/>\n<meta property=\"og:type\" content=\"article\" \/>\n<meta property=\"og:title\" content=\"MTCE: P\u00e1scoa 2023 - Apelo \u00e0 Paz. - LOC-MTC\" \/>\n<meta property=\"og:description\" content=\"A paz esteja convosco, filhos e filhas da Ucr\u00e2nia e da R\u00fassia, filhos e filhas da Europa.\" \/>\n<meta property=\"og:url\" content=\"https:\/\/sites.ecclesia.pt\/loc-mtc\/mtce-pascoa-2023-apelo-a-paz\/\" \/>\n<meta property=\"og:site_name\" content=\"LOC-MTC\" \/>\n<meta property=\"article:published_time\" content=\"2023-04-07T07:29:29+00:00\" \/>\n<meta property=\"article:modified_time\" content=\"2023-04-07T07:30:12+00:00\" \/>\n<meta property=\"og:image\" content=\"https:\/\/sites.ecclesia.pt\/loc-mtc\/wp-content\/uploads\/2023\/03\/6ad0d1ae.png\" \/>\n\t<meta property=\"og:image:width\" content=\"173\" \/>\n\t<meta property=\"og:image:height\" content=\"142\" \/>\n\t<meta property=\"og:image:type\" content=\"image\/png\" \/>\n<meta name=\"author\" content=\"LOC-MTC\" \/>\n<meta name=\"twitter:card\" content=\"summary_large_image\" \/>\n<meta name=\"twitter:label1\" content=\"Escrito por\" \/>\n\t<meta name=\"twitter:data1\" content=\"LOC-MTC\" \/>\n\t<meta name=\"twitter:label2\" content=\"Tempo estimado de leitura\" \/>\n\t<meta name=\"twitter:data2\" content=\"4 minutos\" \/>\n<script type=\"application\/ld+json\" class=\"yoast-schema-graph\">{\"@context\":\"https:\/\/schema.org\",\"@graph\":[{\"@type\":\"Article\",\"@id\":\"https:\/\/sites.ecclesia.pt\/loc-mtc\/mtce-pascoa-2023-apelo-a-paz\/#article\",\"isPartOf\":{\"@id\":\"https:\/\/sites.ecclesia.pt\/loc-mtc\/mtce-pascoa-2023-apelo-a-paz\/\"},\"author\":{\"name\":\"LOC-MTC\",\"@id\":\"https:\/\/sites.ecclesia.pt\/loc-mtc\/#\/schema\/person\/8ba13a346b282ac81bddb0740218c156\"},\"headline\":\"MTCE: P\u00e1scoa 2023 &#8211; Apelo \u00e0 Paz.\",\"datePublished\":\"2023-04-07T07:29:29+00:00\",\"dateModified\":\"2023-04-07T07:30:12+00:00\",\"mainEntityOfPage\":{\"@id\":\"https:\/\/sites.ecclesia.pt\/loc-mtc\/mtce-pascoa-2023-apelo-a-paz\/\"},\"wordCount\":757,\"publisher\":{\"@id\":\"https:\/\/sites.ecclesia.pt\/loc-mtc\/#organization\"},\"image\":{\"@id\":\"https:\/\/sites.ecclesia.pt\/loc-mtc\/mtce-pascoa-2023-apelo-a-paz\/#primaryimage\"},\"thumbnailUrl\":\"https:\/\/sites.ecclesia.pt\/loc-mtc\/wp-content\/uploads\/2023\/03\/6ad0d1ae.png\",\"articleSection\":[\"Not\u00edcias\"],\"inLanguage\":\"pt-PT\"},{\"@type\":\"WebPage\",\"@id\":\"https:\/\/sites.ecclesia.pt\/loc-mtc\/mtce-pascoa-2023-apelo-a-paz\/\",\"url\":\"https:\/\/sites.ecclesia.pt\/loc-mtc\/mtce-pascoa-2023-apelo-a-paz\/\",\"name\":\"MTCE: P\u00e1scoa 2023 - Apelo \u00e0 Paz. - LOC-MTC\",\"isPartOf\":{\"@id\":\"https:\/\/sites.ecclesia.pt\/loc-mtc\/#website\"},\"primaryImageOfPage\":{\"@id\":\"https:\/\/sites.ecclesia.pt\/loc-mtc\/mtce-pascoa-2023-apelo-a-paz\/#primaryimage\"},\"image\":{\"@id\":\"https:\/\/sites.ecclesia.pt\/loc-mtc\/mtce-pascoa-2023-apelo-a-paz\/#primaryimage\"},\"thumbnailUrl\":\"https:\/\/sites.ecclesia.pt\/loc-mtc\/wp-content\/uploads\/2023\/03\/6ad0d1ae.png\",\"datePublished\":\"2023-04-07T07:29:29+00:00\",\"dateModified\":\"2023-04-07T07:30:12+00:00\",\"breadcrumb\":{\"@id\":\"https:\/\/sites.ecclesia.pt\/loc-mtc\/mtce-pascoa-2023-apelo-a-paz\/#breadcrumb\"},\"inLanguage\":\"pt-PT\",\"potentialAction\":[{\"@type\":\"ReadAction\",\"target\":[\"https:\/\/sites.ecclesia.pt\/loc-mtc\/mtce-pascoa-2023-apelo-a-paz\/\"]}]},{\"@type\":\"ImageObject\",\"inLanguage\":\"pt-PT\",\"@id\":\"https:\/\/sites.ecclesia.pt\/loc-mtc\/mtce-pascoa-2023-apelo-a-paz\/#primaryimage\",\"url\":\"https:\/\/sites.ecclesia.pt\/loc-mtc\/wp-content\/uploads\/2023\/03\/6ad0d1ae.png\",\"contentUrl\":\"https:\/\/sites.ecclesia.pt\/loc-mtc\/wp-content\/uploads\/2023\/03\/6ad0d1ae.png\",\"width\":173,\"height\":142},{\"@type\":\"BreadcrumbList\",\"@id\":\"https:\/\/sites.ecclesia.pt\/loc-mtc\/mtce-pascoa-2023-apelo-a-paz\/#breadcrumb\",\"itemListElement\":[{\"@type\":\"ListItem\",\"position\":1,\"name\":\"Home\",\"item\":\"https:\/\/sites.ecclesia.pt\/loc-mtc\/\"},{\"@type\":\"ListItem\",\"position\":2,\"name\":\"MTCE: P\u00e1scoa 2023 &#8211; Apelo \u00e0 Paz.\"}]},{\"@type\":\"WebSite\",\"@id\":\"https:\/\/sites.ecclesia.pt\/loc-mtc\/#website\",\"url\":\"https:\/\/sites.ecclesia.pt\/loc-mtc\/\",\"name\":\"LOC-MTC\",\"description\":\"Liga Oper\u00e1ria Cat\u00f3lica \u2013 Movimento de Trabalhadores Crist\u00e3os\",\"publisher\":{\"@id\":\"https:\/\/sites.ecclesia.pt\/loc-mtc\/#organization\"},\"potentialAction\":[{\"@type\":\"SearchAction\",\"target\":{\"@type\":\"EntryPoint\",\"urlTemplate\":\"https:\/\/sites.ecclesia.pt\/loc-mtc\/?s={search_term_string}\"},\"query-input\":{\"@type\":\"PropertyValueSpecification\",\"valueRequired\":true,\"valueName\":\"search_term_string\"}}],\"inLanguage\":\"pt-PT\"},{\"@type\":\"Organization\",\"@id\":\"https:\/\/sites.ecclesia.pt\/loc-mtc\/#organization\",\"name\":\"LOC\/MTC - Liga Oper\u00e1ria Cat\u00f3lica\/Movimento dos Trabalhadores Crist\u00e3os\",\"alternateName\":\"LOC\/MTC\",\"url\":\"https:\/\/sites.ecclesia.pt\/loc-mtc\/\",\"logo\":{\"@type\":\"ImageObject\",\"inLanguage\":\"pt-PT\",\"@id\":\"https:\/\/sites.ecclesia.pt\/loc-mtc\/#\/schema\/logo\/image\/\",\"url\":\"https:\/\/sites.ecclesia.pt\/loc-mtc\/wp-content\/uploads\/2021\/07\/loc-mtc-fb.jpg\",\"contentUrl\":\"https:\/\/sites.ecclesia.pt\/loc-mtc\/wp-content\/uploads\/2021\/07\/loc-mtc-fb.jpg\",\"width\":583,\"height\":552,\"caption\":\"LOC\/MTC - Liga Oper\u00e1ria Cat\u00f3lica\/Movimento dos Trabalhadores Crist\u00e3os\"},\"image\":{\"@id\":\"https:\/\/sites.ecclesia.pt\/loc-mtc\/#\/schema\/logo\/image\/\"}},{\"@type\":\"Person\",\"@id\":\"https:\/\/sites.ecclesia.pt\/loc-mtc\/#\/schema\/person\/8ba13a346b282ac81bddb0740218c156\",\"name\":\"LOC-MTC\",\"image\":{\"@type\":\"ImageObject\",\"inLanguage\":\"pt-PT\",\"@id\":\"https:\/\/sites.ecclesia.pt\/loc-mtc\/#\/schema\/person\/image\/\",\"url\":\"https:\/\/secure.gravatar.com\/avatar\/381f263bbf1376baf59211319cecf05597b65a26b86db6798bf393c99c999ed9?s=96&d=mm&r=g\",\"contentUrl\":\"https:\/\/secure.gravatar.com\/avatar\/381f263bbf1376baf59211319cecf05597b65a26b86db6798bf393c99c999ed9?s=96&d=mm&r=g\",\"caption\":\"LOC-MTC\"},\"sameAs\":[\"http:\/\/www.ecclesia.pt\/loc-mtc\"]}]}<\/script>\n<!-- \/ Yoast SEO plugin. -->","yoast_head_json":{"title":"MTCE: P\u00e1scoa 2023 - Apelo \u00e0 Paz. - LOC-MTC","robots":{"index":"index","follow":"follow","max-snippet":"max-snippet:-1","max-image-preview":"max-image-preview:large","max-video-preview":"max-video-preview:-1"},"canonical":"https:\/\/sites.ecclesia.pt\/loc-mtc\/mtce-pascoa-2023-apelo-a-paz\/","og_locale":"pt_PT","og_type":"article","og_title":"MTCE: P\u00e1scoa 2023 - Apelo \u00e0 Paz. - LOC-MTC","og_description":"A paz esteja convosco, filhos e filhas da Ucr\u00e2nia e da R\u00fassia, filhos e filhas da Europa.","og_url":"https:\/\/sites.ecclesia.pt\/loc-mtc\/mtce-pascoa-2023-apelo-a-paz\/","og_site_name":"LOC-MTC","article_published_time":"2023-04-07T07:29:29+00:00","article_modified_time":"2023-04-07T07:30:12+00:00","og_image":[{"width":173,"height":142,"url":"https:\/\/sites.ecclesia.pt\/loc-mtc\/wp-content\/uploads\/2023\/03\/6ad0d1ae.png","type":"image\/png"}],"author":"LOC-MTC","twitter_card":"summary_large_image","twitter_misc":{"Escrito por":"LOC-MTC","Tempo estimado de leitura":"4 minutos"},"schema":{"@context":"https:\/\/schema.org","@graph":[{"@type":"Article","@id":"https:\/\/sites.ecclesia.pt\/loc-mtc\/mtce-pascoa-2023-apelo-a-paz\/#article","isPartOf":{"@id":"https:\/\/sites.ecclesia.pt\/loc-mtc\/mtce-pascoa-2023-apelo-a-paz\/"},"author":{"name":"LOC-MTC","@id":"https:\/\/sites.ecclesia.pt\/loc-mtc\/#\/schema\/person\/8ba13a346b282ac81bddb0740218c156"},"headline":"MTCE: P\u00e1scoa 2023 &#8211; Apelo \u00e0 Paz.","datePublished":"2023-04-07T07:29:29+00:00","dateModified":"2023-04-07T07:30:12+00:00","mainEntityOfPage":{"@id":"https:\/\/sites.ecclesia.pt\/loc-mtc\/mtce-pascoa-2023-apelo-a-paz\/"},"wordCount":757,"publisher":{"@id":"https:\/\/sites.ecclesia.pt\/loc-mtc\/#organization"},"image":{"@id":"https:\/\/sites.ecclesia.pt\/loc-mtc\/mtce-pascoa-2023-apelo-a-paz\/#primaryimage"},"thumbnailUrl":"https:\/\/sites.ecclesia.pt\/loc-mtc\/wp-content\/uploads\/2023\/03\/6ad0d1ae.png","articleSection":["Not\u00edcias"],"inLanguage":"pt-PT"},{"@type":"WebPage","@id":"https:\/\/sites.ecclesia.pt\/loc-mtc\/mtce-pascoa-2023-apelo-a-paz\/","url":"https:\/\/sites.ecclesia.pt\/loc-mtc\/mtce-pascoa-2023-apelo-a-paz\/","name":"MTCE: P\u00e1scoa 2023 - Apelo \u00e0 Paz. - LOC-MTC","isPartOf":{"@id":"https:\/\/sites.ecclesia.pt\/loc-mtc\/#website"},"primaryImageOfPage":{"@id":"https:\/\/sites.ecclesia.pt\/loc-mtc\/mtce-pascoa-2023-apelo-a-paz\/#primaryimage"},"image":{"@id":"https:\/\/sites.ecclesia.pt\/loc-mtc\/mtce-pascoa-2023-apelo-a-paz\/#primaryimage"},"thumbnailUrl":"https:\/\/sites.ecclesia.pt\/loc-mtc\/wp-content\/uploads\/2023\/03\/6ad0d1ae.png","datePublished":"2023-04-07T07:29:29+00:00","dateModified":"2023-04-07T07:30:12+00:00","breadcrumb":{"@id":"https:\/\/sites.ecclesia.pt\/loc-mtc\/mtce-pascoa-2023-apelo-a-paz\/#breadcrumb"},"inLanguage":"pt-PT","potentialAction":[{"@type":"ReadAction","target":["https:\/\/sites.ecclesia.pt\/loc-mtc\/mtce-pascoa-2023-apelo-a-paz\/"]}]},{"@type":"ImageObject","inLanguage":"pt-PT","@id":"https:\/\/sites.ecclesia.pt\/loc-mtc\/mtce-pascoa-2023-apelo-a-paz\/#primaryimage","url":"https:\/\/sites.ecclesia.pt\/loc-mtc\/wp-content\/uploads\/2023\/03\/6ad0d1ae.png","contentUrl":"https:\/\/sites.ecclesia.pt\/loc-mtc\/wp-content\/uploads\/2023\/03\/6ad0d1ae.png","width":173,"height":142},{"@type":"BreadcrumbList","@id":"https:\/\/sites.ecclesia.pt\/loc-mtc\/mtce-pascoa-2023-apelo-a-paz\/#breadcrumb","itemListElement":[{"@type":"ListItem","position":1,"name":"Home","item":"https:\/\/sites.ecclesia.pt\/loc-mtc\/"},{"@type":"ListItem","position":2,"name":"MTCE: P\u00e1scoa 2023 &#8211; Apelo \u00e0 Paz."}]},{"@type":"WebSite","@id":"https:\/\/sites.ecclesia.pt\/loc-mtc\/#website","url":"https:\/\/sites.ecclesia.pt\/loc-mtc\/","name":"LOC-MTC","description":"Liga Oper\u00e1ria Cat\u00f3lica \u2013 Movimento de Trabalhadores Crist\u00e3os","publisher":{"@id":"https:\/\/sites.ecclesia.pt\/loc-mtc\/#organization"},"potentialAction":[{"@type":"SearchAction","target":{"@type":"EntryPoint","urlTemplate":"https:\/\/sites.ecclesia.pt\/loc-mtc\/?s={search_term_string}"},"query-input":{"@type":"PropertyValueSpecification","valueRequired":true,"valueName":"search_term_string"}}],"inLanguage":"pt-PT"},{"@type":"Organization","@id":"https:\/\/sites.ecclesia.pt\/loc-mtc\/#organization","name":"LOC\/MTC - Liga Oper\u00e1ria Cat\u00f3lica\/Movimento dos Trabalhadores Crist\u00e3os","alternateName":"LOC\/MTC","url":"https:\/\/sites.ecclesia.pt\/loc-mtc\/","logo":{"@type":"ImageObject","inLanguage":"pt-PT","@id":"https:\/\/sites.ecclesia.pt\/loc-mtc\/#\/schema\/logo\/image\/","url":"https:\/\/sites.ecclesia.pt\/loc-mtc\/wp-content\/uploads\/2021\/07\/loc-mtc-fb.jpg","contentUrl":"https:\/\/sites.ecclesia.pt\/loc-mtc\/wp-content\/uploads\/2021\/07\/loc-mtc-fb.jpg","width":583,"height":552,"caption":"LOC\/MTC - Liga Oper\u00e1ria Cat\u00f3lica\/Movimento dos Trabalhadores Crist\u00e3os"},"image":{"@id":"https:\/\/sites.ecclesia.pt\/loc-mtc\/#\/schema\/logo\/image\/"}},{"@type":"Person","@id":"https:\/\/sites.ecclesia.pt\/loc-mtc\/#\/schema\/person\/8ba13a346b282ac81bddb0740218c156","name":"LOC-MTC","image":{"@type":"ImageObject","inLanguage":"pt-PT","@id":"https:\/\/sites.ecclesia.pt\/loc-mtc\/#\/schema\/person\/image\/","url":"https:\/\/secure.gravatar.com\/avatar\/381f263bbf1376baf59211319cecf05597b65a26b86db6798bf393c99c999ed9?s=96&d=mm&r=g","contentUrl":"https:\/\/secure.gravatar.com\/avatar\/381f263bbf1376baf59211319cecf05597b65a26b86db6798bf393c99c999ed9?s=96&d=mm&r=g","caption":"LOC-MTC"},"sameAs":["http:\/\/www.ecclesia.pt\/loc-mtc"]}]}},"_links":{"self":[{"href":"https:\/\/sites.ecclesia.pt\/loc-mtc\/wp-json\/wp\/v2\/posts\/2509","targetHints":{"allow":["GET"]}}],"collection":[{"href":"https:\/\/sites.ecclesia.pt\/loc-mtc\/wp-json\/wp\/v2\/posts"}],"about":[{"href":"https:\/\/sites.ecclesia.pt\/loc-mtc\/wp-json\/wp\/v2\/types\/post"}],"author":[{"embeddable":true,"href":"https:\/\/sites.ecclesia.pt\/loc-mtc\/wp-json\/wp\/v2\/users\/2"}],"replies":[{"embeddable":true,"href":"https:\/\/sites.ecclesia.pt\/loc-mtc\/wp-json\/wp\/v2\/comments?post=2509"}],"version-history":[{"count":1,"href":"https:\/\/sites.ecclesia.pt\/loc-mtc\/wp-json\/wp\/v2\/posts\/2509\/revisions"}],"predecessor-version":[{"id":2510,"href":"https:\/\/sites.ecclesia.pt\/loc-mtc\/wp-json\/wp\/v2\/posts\/2509\/revisions\/2510"}],"wp:featuredmedia":[{"embeddable":true,"href":"https:\/\/sites.ecclesia.pt\/loc-mtc\/wp-json\/wp\/v2\/media\/2491"}],"wp:attachment":[{"href":"https:\/\/sites.ecclesia.pt\/loc-mtc\/wp-json\/wp\/v2\/media?parent=2509"}],"wp:term":[{"taxonomy":"category","embeddable":true,"href":"https:\/\/sites.ecclesia.pt\/loc-mtc\/wp-json\/wp\/v2\/categories?post=2509"},{"taxonomy":"post_tag","embeddable":true,"href":"https:\/\/sites.ecclesia.pt\/loc-mtc\/wp-json\/wp\/v2\/tags?post=2509"}],"curies":[{"name":"wp","href":"https:\/\/api.w.org\/{rel}","templated":true}]}}