{"id":2565,"date":"2023-12-18T19:41:54","date_gmt":"2023-12-18T19:41:54","guid":{"rendered":"https:\/\/sites.ecclesia.pt\/loc-mtc\/?p=2565"},"modified":"2023-12-18T19:43:51","modified_gmt":"2023-12-18T19:43:51","slug":"que-a-boa-nova-do-natal-faca-parte-das-nossas-vidas","status":"publish","type":"post","link":"https:\/\/sites.ecclesia.pt\/loc-mtc\/que-a-boa-nova-do-natal-faca-parte-das-nossas-vidas\/","title":{"rendered":"Que a BOA NOVA do NATAL, fa\u00e7a parte das nossas vidas."},"content":{"rendered":"<p>Talvez seja necess\u00e1rio come\u00e7ar a explicar tudo de novo. O Filho de Deus feito homem, nascido no mais pobre dos espa\u00e7os dispon\u00edveis, numa manjedoura, anunciou: <strong>\u201cEu vim para que tenham vida e a tenham em abund\u00e2ncia\u201d <\/strong>(Jo\u00e3o.10:10)<\/p>\n<p>O mundo de hoje, <strong>naquilo que mais diretamente diz respeito \u00e0 vida dos trabalhadores e aos pobres<\/strong>, est\u00e1 cheio de m\u00e1s not\u00edcias. Problemas como os sal\u00e1rios baixos e perda do poder de compra, a precariedade do trabalho, os longos e desregulados hor\u00e1rios de trabalho, os acidentes de trabalho, as m\u00e1s condi\u00e7\u00f5es de trabalho,<strong> cada vez mais dif\u00edcil o acesso \u00e0 habita\u00e7\u00e3o<\/strong>, as convuls\u00f5es na sa\u00fade, a carestia de vida, um rasto enorme de migra\u00e7\u00f5es for\u00e7adas por raz\u00f5es financeiras e devido a cat\u00e1strofes clim\u00e1ticas. Tudo isto ap\u00f3s uma pandemia seguida de guerras e as suas nefastas consequ\u00eancias em perda de vidas e de bens essenciais para as suas v\u00edtimas, com todas as suas consequ\u00eancias a espalhar-se pelo mundo. \u00c9 onde o sofrimento \u00e9 palp\u00e1vel que o Natal est\u00e1 mais presente. H\u00e1 tristezas t\u00e3o profundas, sil\u00eancios que clamam justi\u00e7a, que tocam os cora\u00e7\u00f5es.<\/p>\n<p>Com passos muito lentos foi-se ganhando terreno \u00e0 pobreza, pequenas d\u00e9cimas de melhoria. Presentemente em algumas regi\u00f5es do globo, regredimos para situa\u00e7\u00f5es de extrema pobreza e escassez de bens essenciais para a sobreviv\u00eancia das popula\u00e7\u00f5es. Tudo isto se torna ainda mais grave, estando-se perante uma crise clim\u00e1tica, neste mundo que nos alberga, a nossa casa comum. Acreditamos que, \u201cos esfor\u00e7os das fam\u00edlias para poluir menos, reduzir os esbanjamentos, consumir de forma sensata est\u00e3o a criar uma nova cultura\u201d. (L. D. 71) Na certeza, por\u00e9m, de que \u201cas solu\u00e7\u00f5es mais eficazes n\u00e3o vir\u00e3o s\u00f3 dos esfor\u00e7os individuais, mas sobretudo das grandes decis\u00f5es da pol\u00edtica nacional e internacional\u201d. (L. D. 69)<\/p>\n<p><strong>O Deus menino<\/strong>, que celebramos em cada Natal, veio para <strong>\u201canunciar uma Boa Nova aos pobres\u201d<\/strong>. Os que o acolheram e propagam os seus valores, n\u00e3o se conformam; \u201cn\u00e3o vos conformeis com as estruturas deste mundo, mas transformais-vos: renovando a vossa maneira de pensar e julgar\u201d (Rom 12,2) e dizemos n\u00f3s, renovando a maneira de agir, atuar no meio, ser cidad\u00e3os ativos e intervenientes pela transforma\u00e7\u00e3o das injusti\u00e7as deste mundo.<\/p>\n<p><strong>O NATAL, <\/strong>traz-nos uma mensagem de amor e de paz, de encontro de homens e mulheres, para aprendermos a viver de forma fraterna, a sermos cada vez mais humanos, acolhedores e restauradores da dignidade e da justi\u00e7a, cuidadores uns dos outros com amor incondicional, em especial dos mais exclu\u00eddos, os que ca\u00edram para \u00faltimos da sociedade. Animados pelo Esp\u00edrito de Deus, procuramos agir nos locais de trabalho e de conviv\u00eancia humana, por melhores condi\u00e7\u00f5es sociais para todos, contribuindo para sermos Igreja em sa\u00edda, express\u00e3o de sinodalidade.<\/p>\n<p><strong>NATAL,<\/strong> uma fr\u00e1gil crian\u00e7a veio assumir a condi\u00e7\u00e3o humana, a partir do \u00faltimo dos \u00faltimos, para denunciar os males da sociedade e demonstrar o poder que todos t\u00eam de praticar o bem, ser solid\u00e1rios, criar comunidade, ser for\u00e7a no conjunto. Comemorar o Natal de Jesus Cristo, filho de Deus que se fez humano, que partilha o caminho da humanidade, \u00e9 algo muito belo.<\/p>\n<p>Os Crist\u00e3os e todos os seres humanos com valores \u00e9ticos, ao celebrar o Natal, devemos estar abertos a realizar uma profunda reflex\u00e3o pessoal de como <strong>sermos continuadores dos valores e da mensagem de Cristo<\/strong>. Vamos cultivar a arte de compreender, de ver mais a fundo, de ver al\u00e9m do papel de embrulho e das luzes de Natal. Sermos interpretadores da vida quotidiana \u00e0 luz da f\u00e9, retirar significado das experi\u00eancias, dos acontecimentos da vida de todos os dias, at\u00e9 dos mais dif\u00edceis de compreender. \u201c<strong>Levanta-te e caminha\u201d <\/strong>(Jo 5,8) <strong>\u00e9 a chave da vinda de Jesus para os pobres<\/strong>. Vivemos atentos ao sofrimento dos outros ou de costas voltadas para a realidade? Preparemo-nos para enfrentar o futuro, sempre novo e desconhecido.<\/p>\n<p>Que neste Natal nos deixemos levar pela entrega generosa dos que sabem que Deus nasce em nossos cora\u00e7\u00f5es e nos motiva a alcan\u00e7ar uma vida radicada no Amor. Todos os dias, em algum lugar do mundo, h\u00e1 um pres\u00e9pio vivo. Grande desafio para todos n\u00f3s!<\/p>\n<p><strong>Feliz Natal!<\/strong><\/p>\n","protected":false},"excerpt":{"rendered":"<p>NATAL de 2023, Mensagem da LOC\/MTC Nacional<\/p>\n","protected":false},"author":2,"featured_media":2566,"comment_status":"closed","ping_status":"closed","sticky":false,"template":"","format":"standard","meta":{"_et_pb_use_builder":"","_et_pb_old_content":"","_et_gb_content_width":"","footnotes":""},"categories":[2],"tags":[],"class_list":["post-2565","post","type-post","status-publish","format-standard","has-post-thumbnail","hentry","category-noticias"],"yoast_head":"<!-- This site is optimized with the Yoast SEO plugin v26.9 - https:\/\/yoast.com\/product\/yoast-seo-wordpress\/ -->\n<title>Que a BOA NOVA do NATAL, fa\u00e7a parte das nossas vidas. - LOC-MTC<\/title>\n<meta name=\"robots\" content=\"index, follow, max-snippet:-1, max-image-preview:large, max-video-preview:-1\" \/>\n<link rel=\"canonical\" href=\"https:\/\/sites.ecclesia.pt\/loc-mtc\/que-a-boa-nova-do-natal-faca-parte-das-nossas-vidas\/\" \/>\n<meta property=\"og:locale\" content=\"pt_PT\" \/>\n<meta property=\"og:type\" content=\"article\" \/>\n<meta property=\"og:title\" content=\"Que a BOA NOVA do NATAL, fa\u00e7a parte das nossas vidas. - LOC-MTC\" \/>\n<meta property=\"og:description\" content=\"NATAL de 2023, Mensagem da LOC\/MTC Nacional\" \/>\n<meta property=\"og:url\" content=\"https:\/\/sites.ecclesia.pt\/loc-mtc\/que-a-boa-nova-do-natal-faca-parte-das-nossas-vidas\/\" \/>\n<meta property=\"og:site_name\" content=\"LOC-MTC\" \/>\n<meta property=\"article:published_time\" content=\"2023-12-18T19:41:54+00:00\" \/>\n<meta property=\"article:modified_time\" content=\"2023-12-18T19:43:51+00:00\" \/>\n<meta property=\"og:image\" content=\"https:\/\/sites.ecclesia.pt\/loc-mtc\/wp-content\/uploads\/2023\/12\/natal-2023-e1702928622933.jpg\" \/>\n\t<meta property=\"og:image:width\" content=\"265\" \/>\n\t<meta property=\"og:image:height\" content=\"400\" \/>\n\t<meta property=\"og:image:type\" content=\"image\/jpeg\" \/>\n<meta name=\"author\" content=\"LOC-MTC\" \/>\n<meta name=\"twitter:card\" content=\"summary_large_image\" \/>\n<meta name=\"twitter:label1\" content=\"Escrito por\" \/>\n\t<meta name=\"twitter:data1\" content=\"LOC-MTC\" \/>\n\t<meta name=\"twitter:label2\" content=\"Tempo estimado de leitura\" \/>\n\t<meta name=\"twitter:data2\" content=\"4 minutos\" \/>\n<script type=\"application\/ld+json\" class=\"yoast-schema-graph\">{\"@context\":\"https:\/\/schema.org\",\"@graph\":[{\"@type\":\"Article\",\"@id\":\"https:\/\/sites.ecclesia.pt\/loc-mtc\/que-a-boa-nova-do-natal-faca-parte-das-nossas-vidas\/#article\",\"isPartOf\":{\"@id\":\"https:\/\/sites.ecclesia.pt\/loc-mtc\/que-a-boa-nova-do-natal-faca-parte-das-nossas-vidas\/\"},\"author\":{\"name\":\"LOC-MTC\",\"@id\":\"https:\/\/sites.ecclesia.pt\/loc-mtc\/#\/schema\/person\/8ba13a346b282ac81bddb0740218c156\"},\"headline\":\"Que a BOA NOVA do NATAL, fa\u00e7a parte das nossas vidas.\",\"datePublished\":\"2023-12-18T19:41:54+00:00\",\"dateModified\":\"2023-12-18T19:43:51+00:00\",\"mainEntityOfPage\":{\"@id\":\"https:\/\/sites.ecclesia.pt\/loc-mtc\/que-a-boa-nova-do-natal-faca-parte-das-nossas-vidas\/\"},\"wordCount\":749,\"publisher\":{\"@id\":\"https:\/\/sites.ecclesia.pt\/loc-mtc\/#organization\"},\"image\":{\"@id\":\"https:\/\/sites.ecclesia.pt\/loc-mtc\/que-a-boa-nova-do-natal-faca-parte-das-nossas-vidas\/#primaryimage\"},\"thumbnailUrl\":\"https:\/\/sites.ecclesia.pt\/loc-mtc\/wp-content\/uploads\/2023\/12\/natal-2023-e1702928622933.jpg\",\"articleSection\":[\"Not\u00edcias\"],\"inLanguage\":\"pt-PT\"},{\"@type\":\"WebPage\",\"@id\":\"https:\/\/sites.ecclesia.pt\/loc-mtc\/que-a-boa-nova-do-natal-faca-parte-das-nossas-vidas\/\",\"url\":\"https:\/\/sites.ecclesia.pt\/loc-mtc\/que-a-boa-nova-do-natal-faca-parte-das-nossas-vidas\/\",\"name\":\"Que a BOA NOVA do NATAL, fa\u00e7a parte das nossas vidas. - LOC-MTC\",\"isPartOf\":{\"@id\":\"https:\/\/sites.ecclesia.pt\/loc-mtc\/#website\"},\"primaryImageOfPage\":{\"@id\":\"https:\/\/sites.ecclesia.pt\/loc-mtc\/que-a-boa-nova-do-natal-faca-parte-das-nossas-vidas\/#primaryimage\"},\"image\":{\"@id\":\"https:\/\/sites.ecclesia.pt\/loc-mtc\/que-a-boa-nova-do-natal-faca-parte-das-nossas-vidas\/#primaryimage\"},\"thumbnailUrl\":\"https:\/\/sites.ecclesia.pt\/loc-mtc\/wp-content\/uploads\/2023\/12\/natal-2023-e1702928622933.jpg\",\"datePublished\":\"2023-12-18T19:41:54+00:00\",\"dateModified\":\"2023-12-18T19:43:51+00:00\",\"breadcrumb\":{\"@id\":\"https:\/\/sites.ecclesia.pt\/loc-mtc\/que-a-boa-nova-do-natal-faca-parte-das-nossas-vidas\/#breadcrumb\"},\"inLanguage\":\"pt-PT\",\"potentialAction\":[{\"@type\":\"ReadAction\",\"target\":[\"https:\/\/sites.ecclesia.pt\/loc-mtc\/que-a-boa-nova-do-natal-faca-parte-das-nossas-vidas\/\"]}]},{\"@type\":\"ImageObject\",\"inLanguage\":\"pt-PT\",\"@id\":\"https:\/\/sites.ecclesia.pt\/loc-mtc\/que-a-boa-nova-do-natal-faca-parte-das-nossas-vidas\/#primaryimage\",\"url\":\"https:\/\/sites.ecclesia.pt\/loc-mtc\/wp-content\/uploads\/2023\/12\/natal-2023-e1702928622933.jpg\",\"contentUrl\":\"https:\/\/sites.ecclesia.pt\/loc-mtc\/wp-content\/uploads\/2023\/12\/natal-2023-e1702928622933.jpg\",\"width\":265,\"height\":400},{\"@type\":\"BreadcrumbList\",\"@id\":\"https:\/\/sites.ecclesia.pt\/loc-mtc\/que-a-boa-nova-do-natal-faca-parte-das-nossas-vidas\/#breadcrumb\",\"itemListElement\":[{\"@type\":\"ListItem\",\"position\":1,\"name\":\"Home\",\"item\":\"https:\/\/sites.ecclesia.pt\/loc-mtc\/\"},{\"@type\":\"ListItem\",\"position\":2,\"name\":\"Que a BOA NOVA do NATAL, fa\u00e7a parte das nossas vidas.\"}]},{\"@type\":\"WebSite\",\"@id\":\"https:\/\/sites.ecclesia.pt\/loc-mtc\/#website\",\"url\":\"https:\/\/sites.ecclesia.pt\/loc-mtc\/\",\"name\":\"LOC-MTC\",\"description\":\"Liga Oper\u00e1ria Cat\u00f3lica \u2013 Movimento de Trabalhadores Crist\u00e3os\",\"publisher\":{\"@id\":\"https:\/\/sites.ecclesia.pt\/loc-mtc\/#organization\"},\"potentialAction\":[{\"@type\":\"SearchAction\",\"target\":{\"@type\":\"EntryPoint\",\"urlTemplate\":\"https:\/\/sites.ecclesia.pt\/loc-mtc\/?s={search_term_string}\"},\"query-input\":{\"@type\":\"PropertyValueSpecification\",\"valueRequired\":true,\"valueName\":\"search_term_string\"}}],\"inLanguage\":\"pt-PT\"},{\"@type\":\"Organization\",\"@id\":\"https:\/\/sites.ecclesia.pt\/loc-mtc\/#organization\",\"name\":\"LOC\/MTC - Liga Oper\u00e1ria Cat\u00f3lica\/Movimento dos Trabalhadores Crist\u00e3os\",\"alternateName\":\"LOC\/MTC\",\"url\":\"https:\/\/sites.ecclesia.pt\/loc-mtc\/\",\"logo\":{\"@type\":\"ImageObject\",\"inLanguage\":\"pt-PT\",\"@id\":\"https:\/\/sites.ecclesia.pt\/loc-mtc\/#\/schema\/logo\/image\/\",\"url\":\"https:\/\/sites.ecclesia.pt\/loc-mtc\/wp-content\/uploads\/2021\/07\/loc-mtc-fb.jpg\",\"contentUrl\":\"https:\/\/sites.ecclesia.pt\/loc-mtc\/wp-content\/uploads\/2021\/07\/loc-mtc-fb.jpg\",\"width\":583,\"height\":552,\"caption\":\"LOC\/MTC - Liga Oper\u00e1ria Cat\u00f3lica\/Movimento dos Trabalhadores Crist\u00e3os\"},\"image\":{\"@id\":\"https:\/\/sites.ecclesia.pt\/loc-mtc\/#\/schema\/logo\/image\/\"}},{\"@type\":\"Person\",\"@id\":\"https:\/\/sites.ecclesia.pt\/loc-mtc\/#\/schema\/person\/8ba13a346b282ac81bddb0740218c156\",\"name\":\"LOC-MTC\",\"image\":{\"@type\":\"ImageObject\",\"inLanguage\":\"pt-PT\",\"@id\":\"https:\/\/sites.ecclesia.pt\/loc-mtc\/#\/schema\/person\/image\/\",\"url\":\"https:\/\/secure.gravatar.com\/avatar\/381f263bbf1376baf59211319cecf05597b65a26b86db6798bf393c99c999ed9?s=96&d=mm&r=g\",\"contentUrl\":\"https:\/\/secure.gravatar.com\/avatar\/381f263bbf1376baf59211319cecf05597b65a26b86db6798bf393c99c999ed9?s=96&d=mm&r=g\",\"caption\":\"LOC-MTC\"},\"sameAs\":[\"http:\/\/www.ecclesia.pt\/loc-mtc\"]}]}<\/script>\n<!-- \/ Yoast SEO plugin. -->","yoast_head_json":{"title":"Que a BOA NOVA do NATAL, fa\u00e7a parte das nossas vidas. - LOC-MTC","robots":{"index":"index","follow":"follow","max-snippet":"max-snippet:-1","max-image-preview":"max-image-preview:large","max-video-preview":"max-video-preview:-1"},"canonical":"https:\/\/sites.ecclesia.pt\/loc-mtc\/que-a-boa-nova-do-natal-faca-parte-das-nossas-vidas\/","og_locale":"pt_PT","og_type":"article","og_title":"Que a BOA NOVA do NATAL, fa\u00e7a parte das nossas vidas. - LOC-MTC","og_description":"NATAL de 2023, Mensagem da LOC\/MTC Nacional","og_url":"https:\/\/sites.ecclesia.pt\/loc-mtc\/que-a-boa-nova-do-natal-faca-parte-das-nossas-vidas\/","og_site_name":"LOC-MTC","article_published_time":"2023-12-18T19:41:54+00:00","article_modified_time":"2023-12-18T19:43:51+00:00","og_image":[{"width":265,"height":400,"url":"https:\/\/sites.ecclesia.pt\/loc-mtc\/wp-content\/uploads\/2023\/12\/natal-2023-e1702928622933.jpg","type":"image\/jpeg"}],"author":"LOC-MTC","twitter_card":"summary_large_image","twitter_misc":{"Escrito por":"LOC-MTC","Tempo estimado de leitura":"4 minutos"},"schema":{"@context":"https:\/\/schema.org","@graph":[{"@type":"Article","@id":"https:\/\/sites.ecclesia.pt\/loc-mtc\/que-a-boa-nova-do-natal-faca-parte-das-nossas-vidas\/#article","isPartOf":{"@id":"https:\/\/sites.ecclesia.pt\/loc-mtc\/que-a-boa-nova-do-natal-faca-parte-das-nossas-vidas\/"},"author":{"name":"LOC-MTC","@id":"https:\/\/sites.ecclesia.pt\/loc-mtc\/#\/schema\/person\/8ba13a346b282ac81bddb0740218c156"},"headline":"Que a BOA NOVA do NATAL, fa\u00e7a parte das nossas vidas.","datePublished":"2023-12-18T19:41:54+00:00","dateModified":"2023-12-18T19:43:51+00:00","mainEntityOfPage":{"@id":"https:\/\/sites.ecclesia.pt\/loc-mtc\/que-a-boa-nova-do-natal-faca-parte-das-nossas-vidas\/"},"wordCount":749,"publisher":{"@id":"https:\/\/sites.ecclesia.pt\/loc-mtc\/#organization"},"image":{"@id":"https:\/\/sites.ecclesia.pt\/loc-mtc\/que-a-boa-nova-do-natal-faca-parte-das-nossas-vidas\/#primaryimage"},"thumbnailUrl":"https:\/\/sites.ecclesia.pt\/loc-mtc\/wp-content\/uploads\/2023\/12\/natal-2023-e1702928622933.jpg","articleSection":["Not\u00edcias"],"inLanguage":"pt-PT"},{"@type":"WebPage","@id":"https:\/\/sites.ecclesia.pt\/loc-mtc\/que-a-boa-nova-do-natal-faca-parte-das-nossas-vidas\/","url":"https:\/\/sites.ecclesia.pt\/loc-mtc\/que-a-boa-nova-do-natal-faca-parte-das-nossas-vidas\/","name":"Que a BOA NOVA do NATAL, fa\u00e7a parte das nossas vidas. - LOC-MTC","isPartOf":{"@id":"https:\/\/sites.ecclesia.pt\/loc-mtc\/#website"},"primaryImageOfPage":{"@id":"https:\/\/sites.ecclesia.pt\/loc-mtc\/que-a-boa-nova-do-natal-faca-parte-das-nossas-vidas\/#primaryimage"},"image":{"@id":"https:\/\/sites.ecclesia.pt\/loc-mtc\/que-a-boa-nova-do-natal-faca-parte-das-nossas-vidas\/#primaryimage"},"thumbnailUrl":"https:\/\/sites.ecclesia.pt\/loc-mtc\/wp-content\/uploads\/2023\/12\/natal-2023-e1702928622933.jpg","datePublished":"2023-12-18T19:41:54+00:00","dateModified":"2023-12-18T19:43:51+00:00","breadcrumb":{"@id":"https:\/\/sites.ecclesia.pt\/loc-mtc\/que-a-boa-nova-do-natal-faca-parte-das-nossas-vidas\/#breadcrumb"},"inLanguage":"pt-PT","potentialAction":[{"@type":"ReadAction","target":["https:\/\/sites.ecclesia.pt\/loc-mtc\/que-a-boa-nova-do-natal-faca-parte-das-nossas-vidas\/"]}]},{"@type":"ImageObject","inLanguage":"pt-PT","@id":"https:\/\/sites.ecclesia.pt\/loc-mtc\/que-a-boa-nova-do-natal-faca-parte-das-nossas-vidas\/#primaryimage","url":"https:\/\/sites.ecclesia.pt\/loc-mtc\/wp-content\/uploads\/2023\/12\/natal-2023-e1702928622933.jpg","contentUrl":"https:\/\/sites.ecclesia.pt\/loc-mtc\/wp-content\/uploads\/2023\/12\/natal-2023-e1702928622933.jpg","width":265,"height":400},{"@type":"BreadcrumbList","@id":"https:\/\/sites.ecclesia.pt\/loc-mtc\/que-a-boa-nova-do-natal-faca-parte-das-nossas-vidas\/#breadcrumb","itemListElement":[{"@type":"ListItem","position":1,"name":"Home","item":"https:\/\/sites.ecclesia.pt\/loc-mtc\/"},{"@type":"ListItem","position":2,"name":"Que a BOA NOVA do NATAL, fa\u00e7a parte das nossas vidas."}]},{"@type":"WebSite","@id":"https:\/\/sites.ecclesia.pt\/loc-mtc\/#website","url":"https:\/\/sites.ecclesia.pt\/loc-mtc\/","name":"LOC-MTC","description":"Liga Oper\u00e1ria Cat\u00f3lica \u2013 Movimento de Trabalhadores Crist\u00e3os","publisher":{"@id":"https:\/\/sites.ecclesia.pt\/loc-mtc\/#organization"},"potentialAction":[{"@type":"SearchAction","target":{"@type":"EntryPoint","urlTemplate":"https:\/\/sites.ecclesia.pt\/loc-mtc\/?s={search_term_string}"},"query-input":{"@type":"PropertyValueSpecification","valueRequired":true,"valueName":"search_term_string"}}],"inLanguage":"pt-PT"},{"@type":"Organization","@id":"https:\/\/sites.ecclesia.pt\/loc-mtc\/#organization","name":"LOC\/MTC - Liga Oper\u00e1ria Cat\u00f3lica\/Movimento dos Trabalhadores Crist\u00e3os","alternateName":"LOC\/MTC","url":"https:\/\/sites.ecclesia.pt\/loc-mtc\/","logo":{"@type":"ImageObject","inLanguage":"pt-PT","@id":"https:\/\/sites.ecclesia.pt\/loc-mtc\/#\/schema\/logo\/image\/","url":"https:\/\/sites.ecclesia.pt\/loc-mtc\/wp-content\/uploads\/2021\/07\/loc-mtc-fb.jpg","contentUrl":"https:\/\/sites.ecclesia.pt\/loc-mtc\/wp-content\/uploads\/2021\/07\/loc-mtc-fb.jpg","width":583,"height":552,"caption":"LOC\/MTC - Liga Oper\u00e1ria Cat\u00f3lica\/Movimento dos Trabalhadores Crist\u00e3os"},"image":{"@id":"https:\/\/sites.ecclesia.pt\/loc-mtc\/#\/schema\/logo\/image\/"}},{"@type":"Person","@id":"https:\/\/sites.ecclesia.pt\/loc-mtc\/#\/schema\/person\/8ba13a346b282ac81bddb0740218c156","name":"LOC-MTC","image":{"@type":"ImageObject","inLanguage":"pt-PT","@id":"https:\/\/sites.ecclesia.pt\/loc-mtc\/#\/schema\/person\/image\/","url":"https:\/\/secure.gravatar.com\/avatar\/381f263bbf1376baf59211319cecf05597b65a26b86db6798bf393c99c999ed9?s=96&d=mm&r=g","contentUrl":"https:\/\/secure.gravatar.com\/avatar\/381f263bbf1376baf59211319cecf05597b65a26b86db6798bf393c99c999ed9?s=96&d=mm&r=g","caption":"LOC-MTC"},"sameAs":["http:\/\/www.ecclesia.pt\/loc-mtc"]}]}},"_links":{"self":[{"href":"https:\/\/sites.ecclesia.pt\/loc-mtc\/wp-json\/wp\/v2\/posts\/2565","targetHints":{"allow":["GET"]}}],"collection":[{"href":"https:\/\/sites.ecclesia.pt\/loc-mtc\/wp-json\/wp\/v2\/posts"}],"about":[{"href":"https:\/\/sites.ecclesia.pt\/loc-mtc\/wp-json\/wp\/v2\/types\/post"}],"author":[{"embeddable":true,"href":"https:\/\/sites.ecclesia.pt\/loc-mtc\/wp-json\/wp\/v2\/users\/2"}],"replies":[{"embeddable":true,"href":"https:\/\/sites.ecclesia.pt\/loc-mtc\/wp-json\/wp\/v2\/comments?post=2565"}],"version-history":[{"count":1,"href":"https:\/\/sites.ecclesia.pt\/loc-mtc\/wp-json\/wp\/v2\/posts\/2565\/revisions"}],"predecessor-version":[{"id":2567,"href":"https:\/\/sites.ecclesia.pt\/loc-mtc\/wp-json\/wp\/v2\/posts\/2565\/revisions\/2567"}],"wp:featuredmedia":[{"embeddable":true,"href":"https:\/\/sites.ecclesia.pt\/loc-mtc\/wp-json\/wp\/v2\/media\/2566"}],"wp:attachment":[{"href":"https:\/\/sites.ecclesia.pt\/loc-mtc\/wp-json\/wp\/v2\/media?parent=2565"}],"wp:term":[{"taxonomy":"category","embeddable":true,"href":"https:\/\/sites.ecclesia.pt\/loc-mtc\/wp-json\/wp\/v2\/categories?post=2565"},{"taxonomy":"post_tag","embeddable":true,"href":"https:\/\/sites.ecclesia.pt\/loc-mtc\/wp-json\/wp\/v2\/tags?post=2565"}],"curies":[{"name":"wp","href":"https:\/\/api.w.org\/{rel}","templated":true}]}}