{"id":2654,"date":"2025-01-29T18:50:17","date_gmt":"2025-01-29T18:50:17","guid":{"rendered":"https:\/\/sites.ecclesia.pt\/loc-mtc\/?p=2654"},"modified":"2025-01-29T18:54:55","modified_gmt":"2025-01-29T18:54:55","slug":"recomendacoes-sobre-migracoes-e-desenvolvimento","status":"publish","type":"post","link":"https:\/\/sites.ecclesia.pt\/loc-mtc\/recomendacoes-sobre-migracoes-e-desenvolvimento\/","title":{"rendered":"Recomenda\u00e7\u00f5es sobre migra\u00e7\u00f5es e desenvolvimento"},"content":{"rendered":"<p><img loading=\"lazy\" decoding=\"async\" class=\"aligncenter size-large wp-image-2655\" src=\"https:\/\/sites.ecclesia.pt\/loc-mtc\/wp-content\/uploads\/2025\/01\/CartaAberta_Migracoes-1-724x1024.jpg\" alt=\"\" width=\"724\" height=\"1024\" \/> <img loading=\"lazy\" decoding=\"async\" class=\"aligncenter size-large wp-image-2656\" src=\"https:\/\/sites.ecclesia.pt\/loc-mtc\/wp-content\/uploads\/2025\/01\/CartaAberta_Migracoes-2-copy-724x1024.jpg\" alt=\"\" width=\"724\" height=\"1024\" \/> <img loading=\"lazy\" decoding=\"async\" class=\"aligncenter size-large wp-image-2657\" src=\"https:\/\/sites.ecclesia.pt\/loc-mtc\/wp-content\/uploads\/2025\/01\/CartaAberta_Migracoes-3-724x1024.jpg\" alt=\"\" width=\"724\" height=\"1024\" \/> <img loading=\"lazy\" decoding=\"async\" class=\"aligncenter size-large wp-image-2658\" src=\"https:\/\/sites.ecclesia.pt\/loc-mtc\/wp-content\/uploads\/2025\/01\/CartaAberta_Migracoes-4-724x1024.jpg\" alt=\"\" width=\"724\" height=\"1024\" \/> <img loading=\"lazy\" decoding=\"async\" class=\"aligncenter size-large wp-image-2659\" src=\"https:\/\/sites.ecclesia.pt\/loc-mtc\/wp-content\/uploads\/2025\/01\/CartaAberta_Migracoes-5-724x1024.jpg\" alt=\"\" width=\"724\" height=\"1024\" \/> <img loading=\"lazy\" decoding=\"async\" class=\"aligncenter size-large wp-image-2660\" src=\"https:\/\/sites.ecclesia.pt\/loc-mtc\/wp-content\/uploads\/2025\/01\/CartaAberta_Migracoes-6-724x1024.jpg\" alt=\"\" width=\"724\" height=\"1024\" \/><\/p>\n","protected":false},"excerpt":{"rendered":"<p>Carta Aberta<\/p>\n","protected":false},"author":2,"featured_media":2663,"comment_status":"closed","ping_status":"closed","sticky":false,"template":"","format":"standard","meta":{"_et_pb_use_builder":"","_et_pb_old_content":"","_et_gb_content_width":"","footnotes":""},"categories":[23,27,25,24,2,20,21,22],"tags":[],"class_list":["post-2654","post","type-post","status-publish","format-standard","has-post-thumbnail","hentry","category-23","category-27","category-contatos","category-jornal-voz-do-trabalho","category-noticias","category-santarem","category-setubal","category-viseu"],"yoast_head":"<!-- This site is optimized with the Yoast SEO plugin v26.9 - https:\/\/yoast.com\/product\/yoast-seo-wordpress\/ -->\n<title>Recomenda\u00e7\u00f5es sobre migra\u00e7\u00f5es e desenvolvimento - LOC-MTC<\/title>\n<meta name=\"robots\" content=\"index, follow, max-snippet:-1, max-image-preview:large, max-video-preview:-1\" \/>\n<link rel=\"canonical\" href=\"https:\/\/sites.ecclesia.pt\/loc-mtc\/recomendacoes-sobre-migracoes-e-desenvolvimento\/\" \/>\n<meta property=\"og:locale\" content=\"pt_PT\" \/>\n<meta property=\"og:type\" content=\"article\" \/>\n<meta property=\"og:title\" content=\"Recomenda\u00e7\u00f5es sobre migra\u00e7\u00f5es e desenvolvimento - LOC-MTC\" \/>\n<meta property=\"og:description\" content=\"Carta Aberta\" \/>\n<meta property=\"og:url\" content=\"https:\/\/sites.ecclesia.pt\/loc-mtc\/recomendacoes-sobre-migracoes-e-desenvolvimento\/\" \/>\n<meta property=\"og:site_name\" content=\"LOC-MTC\" \/>\n<meta property=\"article:published_time\" content=\"2025-01-29T18:50:17+00:00\" \/>\n<meta property=\"article:modified_time\" content=\"2025-01-29T18:54:55+00:00\" \/>\n<meta property=\"og:image\" content=\"https:\/\/sites.ecclesia.pt\/loc-mtc\/wp-content\/uploads\/2025\/01\/CartaAberta_Migracoes-capa-1.jpg\" \/>\n\t<meta property=\"og:image:width\" content=\"400\" \/>\n\t<meta property=\"og:image:height\" content=\"195\" \/>\n\t<meta property=\"og:image:type\" content=\"image\/jpeg\" \/>\n<meta name=\"author\" content=\"LOC-MTC\" \/>\n<meta name=\"twitter:card\" content=\"summary_large_image\" \/>\n<meta name=\"twitter:label1\" content=\"Escrito por\" \/>\n\t<meta name=\"twitter:data1\" content=\"LOC-MTC\" \/>\n\t<meta name=\"twitter:label2\" content=\"Tempo estimado de leitura\" \/>\n\t<meta name=\"twitter:data2\" content=\"2 minutos\" \/>\n<script type=\"application\/ld+json\" class=\"yoast-schema-graph\">{\"@context\":\"https:\/\/schema.org\",\"@graph\":[{\"@type\":\"Article\",\"@id\":\"https:\/\/sites.ecclesia.pt\/loc-mtc\/recomendacoes-sobre-migracoes-e-desenvolvimento\/#article\",\"isPartOf\":{\"@id\":\"https:\/\/sites.ecclesia.pt\/loc-mtc\/recomendacoes-sobre-migracoes-e-desenvolvimento\/\"},\"author\":{\"name\":\"LOC-MTC\",\"@id\":\"https:\/\/sites.ecclesia.pt\/loc-mtc\/#\/schema\/person\/8ba13a346b282ac81bddb0740218c156\"},\"headline\":\"Recomenda\u00e7\u00f5es sobre migra\u00e7\u00f5es e desenvolvimento\",\"datePublished\":\"2025-01-29T18:50:17+00:00\",\"dateModified\":\"2025-01-29T18:54:55+00:00\",\"mainEntityOfPage\":{\"@id\":\"https:\/\/sites.ecclesia.pt\/loc-mtc\/recomendacoes-sobre-migracoes-e-desenvolvimento\/\"},\"wordCount\":7,\"publisher\":{\"@id\":\"https:\/\/sites.ecclesia.pt\/loc-mtc\/#organization\"},\"image\":{\"@id\":\"https:\/\/sites.ecclesia.pt\/loc-mtc\/recomendacoes-sobre-migracoes-e-desenvolvimento\/#primaryimage\"},\"thumbnailUrl\":\"https:\/\/sites.ecclesia.pt\/loc-mtc\/wp-content\/uploads\/2025\/01\/CartaAberta_Migracoes-capa-1.jpg\",\"articleSection\":[\"2016\",\"2019\",\"Contatos\",\"Jornal Voz do Trabalho\",\"Not\u00edcias\",\"Santar\u00e9m\",\"Set\u00fabal\",\"Viseu\"],\"inLanguage\":\"pt-PT\"},{\"@type\":\"WebPage\",\"@id\":\"https:\/\/sites.ecclesia.pt\/loc-mtc\/recomendacoes-sobre-migracoes-e-desenvolvimento\/\",\"url\":\"https:\/\/sites.ecclesia.pt\/loc-mtc\/recomendacoes-sobre-migracoes-e-desenvolvimento\/\",\"name\":\"Recomenda\u00e7\u00f5es sobre migra\u00e7\u00f5es e desenvolvimento - LOC-MTC\",\"isPartOf\":{\"@id\":\"https:\/\/sites.ecclesia.pt\/loc-mtc\/#website\"},\"primaryImageOfPage\":{\"@id\":\"https:\/\/sites.ecclesia.pt\/loc-mtc\/recomendacoes-sobre-migracoes-e-desenvolvimento\/#primaryimage\"},\"image\":{\"@id\":\"https:\/\/sites.ecclesia.pt\/loc-mtc\/recomendacoes-sobre-migracoes-e-desenvolvimento\/#primaryimage\"},\"thumbnailUrl\":\"https:\/\/sites.ecclesia.pt\/loc-mtc\/wp-content\/uploads\/2025\/01\/CartaAberta_Migracoes-capa-1.jpg\",\"datePublished\":\"2025-01-29T18:50:17+00:00\",\"dateModified\":\"2025-01-29T18:54:55+00:00\",\"breadcrumb\":{\"@id\":\"https:\/\/sites.ecclesia.pt\/loc-mtc\/recomendacoes-sobre-migracoes-e-desenvolvimento\/#breadcrumb\"},\"inLanguage\":\"pt-PT\",\"potentialAction\":[{\"@type\":\"ReadAction\",\"target\":[\"https:\/\/sites.ecclesia.pt\/loc-mtc\/recomendacoes-sobre-migracoes-e-desenvolvimento\/\"]}]},{\"@type\":\"ImageObject\",\"inLanguage\":\"pt-PT\",\"@id\":\"https:\/\/sites.ecclesia.pt\/loc-mtc\/recomendacoes-sobre-migracoes-e-desenvolvimento\/#primaryimage\",\"url\":\"https:\/\/sites.ecclesia.pt\/loc-mtc\/wp-content\/uploads\/2025\/01\/CartaAberta_Migracoes-capa-1.jpg\",\"contentUrl\":\"https:\/\/sites.ecclesia.pt\/loc-mtc\/wp-content\/uploads\/2025\/01\/CartaAberta_Migracoes-capa-1.jpg\",\"width\":400,\"height\":195},{\"@type\":\"BreadcrumbList\",\"@id\":\"https:\/\/sites.ecclesia.pt\/loc-mtc\/recomendacoes-sobre-migracoes-e-desenvolvimento\/#breadcrumb\",\"itemListElement\":[{\"@type\":\"ListItem\",\"position\":1,\"name\":\"Home\",\"item\":\"https:\/\/sites.ecclesia.pt\/loc-mtc\/\"},{\"@type\":\"ListItem\",\"position\":2,\"name\":\"Recomenda\u00e7\u00f5es sobre migra\u00e7\u00f5es e desenvolvimento\"}]},{\"@type\":\"WebSite\",\"@id\":\"https:\/\/sites.ecclesia.pt\/loc-mtc\/#website\",\"url\":\"https:\/\/sites.ecclesia.pt\/loc-mtc\/\",\"name\":\"LOC-MTC\",\"description\":\"Liga Oper\u00e1ria Cat\u00f3lica \u2013 Movimento de Trabalhadores Crist\u00e3os\",\"publisher\":{\"@id\":\"https:\/\/sites.ecclesia.pt\/loc-mtc\/#organization\"},\"potentialAction\":[{\"@type\":\"SearchAction\",\"target\":{\"@type\":\"EntryPoint\",\"urlTemplate\":\"https:\/\/sites.ecclesia.pt\/loc-mtc\/?s={search_term_string}\"},\"query-input\":{\"@type\":\"PropertyValueSpecification\",\"valueRequired\":true,\"valueName\":\"search_term_string\"}}],\"inLanguage\":\"pt-PT\"},{\"@type\":\"Organization\",\"@id\":\"https:\/\/sites.ecclesia.pt\/loc-mtc\/#organization\",\"name\":\"LOC\/MTC - Liga Oper\u00e1ria Cat\u00f3lica\/Movimento dos Trabalhadores Crist\u00e3os\",\"alternateName\":\"LOC\/MTC\",\"url\":\"https:\/\/sites.ecclesia.pt\/loc-mtc\/\",\"logo\":{\"@type\":\"ImageObject\",\"inLanguage\":\"pt-PT\",\"@id\":\"https:\/\/sites.ecclesia.pt\/loc-mtc\/#\/schema\/logo\/image\/\",\"url\":\"https:\/\/sites.ecclesia.pt\/loc-mtc\/wp-content\/uploads\/2021\/07\/loc-mtc-fb.jpg\",\"contentUrl\":\"https:\/\/sites.ecclesia.pt\/loc-mtc\/wp-content\/uploads\/2021\/07\/loc-mtc-fb.jpg\",\"width\":583,\"height\":552,\"caption\":\"LOC\/MTC - Liga Oper\u00e1ria Cat\u00f3lica\/Movimento dos Trabalhadores Crist\u00e3os\"},\"image\":{\"@id\":\"https:\/\/sites.ecclesia.pt\/loc-mtc\/#\/schema\/logo\/image\/\"}},{\"@type\":\"Person\",\"@id\":\"https:\/\/sites.ecclesia.pt\/loc-mtc\/#\/schema\/person\/8ba13a346b282ac81bddb0740218c156\",\"name\":\"LOC-MTC\",\"image\":{\"@type\":\"ImageObject\",\"inLanguage\":\"pt-PT\",\"@id\":\"https:\/\/sites.ecclesia.pt\/loc-mtc\/#\/schema\/person\/image\/\",\"url\":\"https:\/\/secure.gravatar.com\/avatar\/381f263bbf1376baf59211319cecf05597b65a26b86db6798bf393c99c999ed9?s=96&d=mm&r=g\",\"contentUrl\":\"https:\/\/secure.gravatar.com\/avatar\/381f263bbf1376baf59211319cecf05597b65a26b86db6798bf393c99c999ed9?s=96&d=mm&r=g\",\"caption\":\"LOC-MTC\"},\"sameAs\":[\"http:\/\/www.ecclesia.pt\/loc-mtc\"]}]}<\/script>\n<!-- \/ Yoast SEO plugin. -->","yoast_head_json":{"title":"Recomenda\u00e7\u00f5es sobre migra\u00e7\u00f5es e desenvolvimento - LOC-MTC","robots":{"index":"index","follow":"follow","max-snippet":"max-snippet:-1","max-image-preview":"max-image-preview:large","max-video-preview":"max-video-preview:-1"},"canonical":"https:\/\/sites.ecclesia.pt\/loc-mtc\/recomendacoes-sobre-migracoes-e-desenvolvimento\/","og_locale":"pt_PT","og_type":"article","og_title":"Recomenda\u00e7\u00f5es sobre migra\u00e7\u00f5es e desenvolvimento - LOC-MTC","og_description":"Carta Aberta","og_url":"https:\/\/sites.ecclesia.pt\/loc-mtc\/recomendacoes-sobre-migracoes-e-desenvolvimento\/","og_site_name":"LOC-MTC","article_published_time":"2025-01-29T18:50:17+00:00","article_modified_time":"2025-01-29T18:54:55+00:00","og_image":[{"width":400,"height":195,"url":"https:\/\/sites.ecclesia.pt\/loc-mtc\/wp-content\/uploads\/2025\/01\/CartaAberta_Migracoes-capa-1.jpg","type":"image\/jpeg"}],"author":"LOC-MTC","twitter_card":"summary_large_image","twitter_misc":{"Escrito por":"LOC-MTC","Tempo estimado de leitura":"2 minutos"},"schema":{"@context":"https:\/\/schema.org","@graph":[{"@type":"Article","@id":"https:\/\/sites.ecclesia.pt\/loc-mtc\/recomendacoes-sobre-migracoes-e-desenvolvimento\/#article","isPartOf":{"@id":"https:\/\/sites.ecclesia.pt\/loc-mtc\/recomendacoes-sobre-migracoes-e-desenvolvimento\/"},"author":{"name":"LOC-MTC","@id":"https:\/\/sites.ecclesia.pt\/loc-mtc\/#\/schema\/person\/8ba13a346b282ac81bddb0740218c156"},"headline":"Recomenda\u00e7\u00f5es sobre migra\u00e7\u00f5es e desenvolvimento","datePublished":"2025-01-29T18:50:17+00:00","dateModified":"2025-01-29T18:54:55+00:00","mainEntityOfPage":{"@id":"https:\/\/sites.ecclesia.pt\/loc-mtc\/recomendacoes-sobre-migracoes-e-desenvolvimento\/"},"wordCount":7,"publisher":{"@id":"https:\/\/sites.ecclesia.pt\/loc-mtc\/#organization"},"image":{"@id":"https:\/\/sites.ecclesia.pt\/loc-mtc\/recomendacoes-sobre-migracoes-e-desenvolvimento\/#primaryimage"},"thumbnailUrl":"https:\/\/sites.ecclesia.pt\/loc-mtc\/wp-content\/uploads\/2025\/01\/CartaAberta_Migracoes-capa-1.jpg","articleSection":["2016","2019","Contatos","Jornal Voz do Trabalho","Not\u00edcias","Santar\u00e9m","Set\u00fabal","Viseu"],"inLanguage":"pt-PT"},{"@type":"WebPage","@id":"https:\/\/sites.ecclesia.pt\/loc-mtc\/recomendacoes-sobre-migracoes-e-desenvolvimento\/","url":"https:\/\/sites.ecclesia.pt\/loc-mtc\/recomendacoes-sobre-migracoes-e-desenvolvimento\/","name":"Recomenda\u00e7\u00f5es sobre migra\u00e7\u00f5es e desenvolvimento - LOC-MTC","isPartOf":{"@id":"https:\/\/sites.ecclesia.pt\/loc-mtc\/#website"},"primaryImageOfPage":{"@id":"https:\/\/sites.ecclesia.pt\/loc-mtc\/recomendacoes-sobre-migracoes-e-desenvolvimento\/#primaryimage"},"image":{"@id":"https:\/\/sites.ecclesia.pt\/loc-mtc\/recomendacoes-sobre-migracoes-e-desenvolvimento\/#primaryimage"},"thumbnailUrl":"https:\/\/sites.ecclesia.pt\/loc-mtc\/wp-content\/uploads\/2025\/01\/CartaAberta_Migracoes-capa-1.jpg","datePublished":"2025-01-29T18:50:17+00:00","dateModified":"2025-01-29T18:54:55+00:00","breadcrumb":{"@id":"https:\/\/sites.ecclesia.pt\/loc-mtc\/recomendacoes-sobre-migracoes-e-desenvolvimento\/#breadcrumb"},"inLanguage":"pt-PT","potentialAction":[{"@type":"ReadAction","target":["https:\/\/sites.ecclesia.pt\/loc-mtc\/recomendacoes-sobre-migracoes-e-desenvolvimento\/"]}]},{"@type":"ImageObject","inLanguage":"pt-PT","@id":"https:\/\/sites.ecclesia.pt\/loc-mtc\/recomendacoes-sobre-migracoes-e-desenvolvimento\/#primaryimage","url":"https:\/\/sites.ecclesia.pt\/loc-mtc\/wp-content\/uploads\/2025\/01\/CartaAberta_Migracoes-capa-1.jpg","contentUrl":"https:\/\/sites.ecclesia.pt\/loc-mtc\/wp-content\/uploads\/2025\/01\/CartaAberta_Migracoes-capa-1.jpg","width":400,"height":195},{"@type":"BreadcrumbList","@id":"https:\/\/sites.ecclesia.pt\/loc-mtc\/recomendacoes-sobre-migracoes-e-desenvolvimento\/#breadcrumb","itemListElement":[{"@type":"ListItem","position":1,"name":"Home","item":"https:\/\/sites.ecclesia.pt\/loc-mtc\/"},{"@type":"ListItem","position":2,"name":"Recomenda\u00e7\u00f5es sobre migra\u00e7\u00f5es e desenvolvimento"}]},{"@type":"WebSite","@id":"https:\/\/sites.ecclesia.pt\/loc-mtc\/#website","url":"https:\/\/sites.ecclesia.pt\/loc-mtc\/","name":"LOC-MTC","description":"Liga Oper\u00e1ria Cat\u00f3lica \u2013 Movimento de Trabalhadores Crist\u00e3os","publisher":{"@id":"https:\/\/sites.ecclesia.pt\/loc-mtc\/#organization"},"potentialAction":[{"@type":"SearchAction","target":{"@type":"EntryPoint","urlTemplate":"https:\/\/sites.ecclesia.pt\/loc-mtc\/?s={search_term_string}"},"query-input":{"@type":"PropertyValueSpecification","valueRequired":true,"valueName":"search_term_string"}}],"inLanguage":"pt-PT"},{"@type":"Organization","@id":"https:\/\/sites.ecclesia.pt\/loc-mtc\/#organization","name":"LOC\/MTC - Liga Oper\u00e1ria Cat\u00f3lica\/Movimento dos Trabalhadores Crist\u00e3os","alternateName":"LOC\/MTC","url":"https:\/\/sites.ecclesia.pt\/loc-mtc\/","logo":{"@type":"ImageObject","inLanguage":"pt-PT","@id":"https:\/\/sites.ecclesia.pt\/loc-mtc\/#\/schema\/logo\/image\/","url":"https:\/\/sites.ecclesia.pt\/loc-mtc\/wp-content\/uploads\/2021\/07\/loc-mtc-fb.jpg","contentUrl":"https:\/\/sites.ecclesia.pt\/loc-mtc\/wp-content\/uploads\/2021\/07\/loc-mtc-fb.jpg","width":583,"height":552,"caption":"LOC\/MTC - Liga Oper\u00e1ria Cat\u00f3lica\/Movimento dos Trabalhadores Crist\u00e3os"},"image":{"@id":"https:\/\/sites.ecclesia.pt\/loc-mtc\/#\/schema\/logo\/image\/"}},{"@type":"Person","@id":"https:\/\/sites.ecclesia.pt\/loc-mtc\/#\/schema\/person\/8ba13a346b282ac81bddb0740218c156","name":"LOC-MTC","image":{"@type":"ImageObject","inLanguage":"pt-PT","@id":"https:\/\/sites.ecclesia.pt\/loc-mtc\/#\/schema\/person\/image\/","url":"https:\/\/secure.gravatar.com\/avatar\/381f263bbf1376baf59211319cecf05597b65a26b86db6798bf393c99c999ed9?s=96&d=mm&r=g","contentUrl":"https:\/\/secure.gravatar.com\/avatar\/381f263bbf1376baf59211319cecf05597b65a26b86db6798bf393c99c999ed9?s=96&d=mm&r=g","caption":"LOC-MTC"},"sameAs":["http:\/\/www.ecclesia.pt\/loc-mtc"]}]}},"_links":{"self":[{"href":"https:\/\/sites.ecclesia.pt\/loc-mtc\/wp-json\/wp\/v2\/posts\/2654","targetHints":{"allow":["GET"]}}],"collection":[{"href":"https:\/\/sites.ecclesia.pt\/loc-mtc\/wp-json\/wp\/v2\/posts"}],"about":[{"href":"https:\/\/sites.ecclesia.pt\/loc-mtc\/wp-json\/wp\/v2\/types\/post"}],"author":[{"embeddable":true,"href":"https:\/\/sites.ecclesia.pt\/loc-mtc\/wp-json\/wp\/v2\/users\/2"}],"replies":[{"embeddable":true,"href":"https:\/\/sites.ecclesia.pt\/loc-mtc\/wp-json\/wp\/v2\/comments?post=2654"}],"version-history":[{"count":1,"href":"https:\/\/sites.ecclesia.pt\/loc-mtc\/wp-json\/wp\/v2\/posts\/2654\/revisions"}],"predecessor-version":[{"id":2661,"href":"https:\/\/sites.ecclesia.pt\/loc-mtc\/wp-json\/wp\/v2\/posts\/2654\/revisions\/2661"}],"wp:featuredmedia":[{"embeddable":true,"href":"https:\/\/sites.ecclesia.pt\/loc-mtc\/wp-json\/wp\/v2\/media\/2663"}],"wp:attachment":[{"href":"https:\/\/sites.ecclesia.pt\/loc-mtc\/wp-json\/wp\/v2\/media?parent=2654"}],"wp:term":[{"taxonomy":"category","embeddable":true,"href":"https:\/\/sites.ecclesia.pt\/loc-mtc\/wp-json\/wp\/v2\/categories?post=2654"},{"taxonomy":"post_tag","embeddable":true,"href":"https:\/\/sites.ecclesia.pt\/loc-mtc\/wp-json\/wp\/v2\/tags?post=2654"}],"curies":[{"name":"wp","href":"https:\/\/api.w.org\/{rel}","templated":true}]}}