{"id":2729,"date":"2025-06-16T08:36:26","date_gmt":"2025-06-16T08:36:26","guid":{"rendered":"https:\/\/sites.ecclesia.pt\/loc-mtc\/?p=2729"},"modified":"2025-06-16T08:36:26","modified_gmt":"2025-06-16T08:36:26","slug":"seminario-internacional-pilar-europeu-dos-direitos-sociais-peds","status":"publish","type":"post","link":"https:\/\/sites.ecclesia.pt\/loc-mtc\/seminario-internacional-pilar-europeu-dos-direitos-sociais-peds\/","title":{"rendered":"Semin\u00e1rio Internacional: \u201cPilar Europeu dos Direitos Sociais \u2013 PEDS\u201d"},"content":{"rendered":"<p>Contou com a participa\u00e7\u00e3o de membros da LOC\/MTC de v\u00e1rias dioceses de Portugal, e membros de outras organiza\u00e7\u00f5es nacionais e internacionais a saber: BASE\/FUT, FIDESTRA, <strong>Sindicato<\/strong> dos trabalhadores do Vestu\u00e1rio, Confe\u00e7\u00e3o e T\u00eaxtil do Norte, <strong>Sindicato<\/strong> T\u00eaxtil e Vestu\u00e1rio do Centro, <strong>Sindicato<\/strong> dos Trabalhadores do Com\u00e9rcio Escrit\u00f3rios e Servi\u00e7os do Minho CESMINHO, <strong>Sinergia<\/strong> &#8211; Sindicato das Energias \u2013 Portugal, a Pastoral Oper\u00e1ria de Portugal e representantes do KAB da Diocese de Aachen e KAB da Alemanha, a HOAC de Espanha, a ACO de Espanha, o CFTC de Fran\u00e7a, do EZA e o copresidente do MTCE-Europa do Sul Tirol. A mesa de abertura era constitu\u00edda pelo Coordenador Nacional da LOC\/MTC, Am\u00e9rico Monteiro, o assistente nacional do Movimento, P. Pedro Lima, a vice-presidente do EZA Maria Reina Martin e presidida por D. Jos\u00e9 Ornelas, Bispo de Leiria-F\u00e1tima e Presidente da Confer\u00eancia Episcopal Portuguesa.<\/p>\n<p>O tema, <strong>\u201cPILAR EUROPEU DOS DREITOS SOCIAIS\u201d<\/strong> foi desenvolvido com a ajuda de especialistas e muito boa participa\u00e7\u00e3o de todos os presentes, subdividido em 5 sess\u00f5es.<img loading=\"lazy\" decoding=\"async\" class=\"alignright wp-image-2733 size-medium\" src=\"https:\/\/sites.ecclesia.pt\/loc-mtc\/wp-content\/uploads\/2025\/06\/Foto-1-Sala-Semin\u251cirio-2025-300x225.jpg\" alt=\"\" width=\"300\" height=\"225\" srcset=\"https:\/\/sites.ecclesia.pt\/loc-mtc\/wp-content\/uploads\/2025\/06\/Foto-1-Sala-Semin\u251cirio-2025-300x225.jpg 300w, https:\/\/sites.ecclesia.pt\/loc-mtc\/wp-content\/uploads\/2025\/06\/Foto-1-Sala-Semin\u251cirio-2025-768x576.jpg 768w, https:\/\/sites.ecclesia.pt\/loc-mtc\/wp-content\/uploads\/2025\/06\/Foto-1-Sala-Semin\u251cirio-2025-510x382.jpg 510w, https:\/\/sites.ecclesia.pt\/loc-mtc\/wp-content\/uploads\/2025\/06\/Foto-1-Sala-Semin\u251cirio-2025-480x360.jpg 480w, https:\/\/sites.ecclesia.pt\/loc-mtc\/wp-content\/uploads\/2025\/06\/Foto-1-Sala-Semin\u251cirio-2025.jpg 855w\" sizes=\"(max-width: 300px) 100vw, 300px\" \/><\/p>\n<p>Situando o seu contexto hist\u00f3rico, a sua proclama\u00e7\u00e3o na Cimeira de Gotemburgo em 2017, e a an\u00e1lise que se faz, passados 8 anos, aparece como uma tentativa ambiciosa de responder \u00e0s legitimas aspira\u00e7\u00f5es dos trabalhadores europeus por mais justi\u00e7a e dignidade, em que a parte social tinha sido esquecida. Uma Europa fiel aos valores da solidariedade e do bem comum na sua ambi\u00e7\u00e3o de ser uma b\u00fassola para a europa social. A converg\u00eancia \u00e9 dif\u00edcil, o conceito de pobreza n\u00e3o \u00e9 o mesmo nos diferentes Estados. S\u00e3o princ\u00edpios te\u00f3ricos, depois cada pa\u00eds faz o que acha melhor, mas a diferen\u00e7a de recursos financeiros entre pa\u00edses, cria desigualdades conforme o pa\u00eds onde se reside.<\/p>\n<p>H\u00e1 progressos, em v\u00e1rios aspetos da vida di\u00e1ria das pessoas e fam\u00edlias europeias, mas s\u00e3o insuficientes. O Pilar projeta melhorias na concilia\u00e7\u00e3o da vida familiar e profissional, na licen\u00e7a de paternidade, reconhece o papel dos pais na educa\u00e7\u00e3o dos filhos e maior distribui\u00e7\u00e3o das responsabilidades familiares. Quer proteger contra a precariedade no trabalho, que os sal\u00e1rios permitam viver com dignidade e a aposta na forma\u00e7\u00e3o profissional cont\u00ednua.<\/p>\n<p>Aprofundou-se tamb\u00e9m a hist\u00f3ria recente do percurso da Uni\u00e3o Europeia, que n\u00e3o deixou de nos expor pontos de vista pessimistas, em rela\u00e7\u00e3o ao PEDS. O seu princ\u00edpio \u00e9 para maximizar a taxa de emprego e n\u00e3o cuida das pessoas, tratando-as como capital humano. A redu\u00e7\u00e3o do custo do trabalho \u00e9 uma estrat\u00e9gia desde o tratado de Amsterd\u00e3o e o tratado de Lisboa assume a orienta\u00e7\u00e3o do neoliberalismo, a integra\u00e7\u00e3o no mercado de trabalho e cortes nos direitos.<\/p>\n<p>A Reflex\u00e3o levou-nos \u00e0 an\u00e1lise da atual prote\u00e7\u00e3o social em Portugal, o subsistema de pens\u00f5es est\u00e1 largamente excedent\u00e1rio, mas, em Portugal n\u00e3o h\u00e1 discuss\u00e3o necess\u00e1ria sobre estes assuntos e na maior parte dos casos \u00e9 discutido de forma desonesta, enviesada e por interesses alheios. Vis\u00f5es diferentes sobre o assunto n\u00e3o s\u00e3o convidadas para o debate. Destaca-se que se obteve uma informa\u00e7\u00e3o, de muitos n\u00fameros que s\u00e3o negados a quem estuda estas situa\u00e7\u00f5es, e confirma-se que 92% das mulheres portuguesas t\u00eam pens\u00f5es abaixo dos 500 euros.<\/p>\n<p>O aprofundamento prosseguiu em rela\u00e7\u00e3o a algumas notas j\u00e1 apontadas aclarando-se que os sal\u00e1rios n\u00e3o est\u00e3o vinculados \u00e0s pessoas, mas aos empregos e tamb\u00e9m por isso, as mulheres saem ainda mais prejudicadas. \u00c9 preciso aumentar a progressividade fiscal e n\u00e3o aumentar o IVA que prejudica os pobres. A Europa \u00e9 um mosaico de situa\u00e7\u00f5es heterog\u00e9neas, h\u00e1 falta de equil\u00edbrio entre trabalho e capital, os sal\u00e1rios mais altos aumentam mais que os de baixo. Um exemplo que existindo em Portugal, nos deixa tamb\u00e9m n\u00fameros de Espanha, em que 11,6% dos que trabalham s\u00e3o pobres, apesar de viver com o seu sal\u00e1rio.<\/p>\n<p>Constatamos que estes assuntos s\u00e3o, atualmente, muito pouco discutidos em qualquer dos pa\u00edses da U.E. Receamos que a atual implementa\u00e7\u00e3o de investimentos na guerra desvie fundos essenciais da constru\u00e7\u00e3o de uma Europa Social que defendemos.<\/p>\n<p>A falta de natureza vinculativa do PEDS, leva a que cada pa\u00eds trate o assunto como bem entender e facilmente desrespeita os seus compromissos sem qualquer consequ\u00eancia legal. A implementa\u00e7\u00e3o do Pilar Europeu dos Direitos Sociais merece melhor monitoriza\u00e7\u00e3o e rigor, responsabilizando os agentes e o Estado na sua aplica\u00e7\u00e3o. Os direitos sociais s\u00e3o para proteger\u00a0<img loading=\"lazy\" decoding=\"async\" class=\"alignright wp-image-2735 size-medium\" src=\"https:\/\/sites.ecclesia.pt\/loc-mtc\/wp-content\/uploads\/2025\/06\/Foto-Sala-Semin\u251cirio-Leiria-2025-300x169.jpg\" alt=\"\" width=\"300\" height=\"169\" srcset=\"https:\/\/sites.ecclesia.pt\/loc-mtc\/wp-content\/uploads\/2025\/06\/Foto-Sala-Semin\u251cirio-Leiria-2025-300x169.jpg 300w, https:\/\/sites.ecclesia.pt\/loc-mtc\/wp-content\/uploads\/2025\/06\/Foto-Sala-Semin\u251cirio-Leiria-2025-1024x576.jpg 1024w, https:\/\/sites.ecclesia.pt\/loc-mtc\/wp-content\/uploads\/2025\/06\/Foto-Sala-Semin\u251cirio-Leiria-2025-768x432.jpg 768w, https:\/\/sites.ecclesia.pt\/loc-mtc\/wp-content\/uploads\/2025\/06\/Foto-Sala-Semin\u251cirio-Leiria-2025-1080x607.jpg 1080w, https:\/\/sites.ecclesia.pt\/loc-mtc\/wp-content\/uploads\/2025\/06\/Foto-Sala-Semin\u251cirio-Leiria-2025-980x551.jpg 980w, https:\/\/sites.ecclesia.pt\/loc-mtc\/wp-content\/uploads\/2025\/06\/Foto-Sala-Semin\u251cirio-Leiria-2025-480x270.jpg 480w, https:\/\/sites.ecclesia.pt\/loc-mtc\/wp-content\/uploads\/2025\/06\/Foto-Sala-Semin\u251cirio-Leiria-2025.jpg 1140w\" sizes=\"(max-width: 300px) 100vw, 300px\" \/>as pessoas e n\u00e3o devem estar subordinados a interesses or\u00e7amentais, devendo ser uma prioridade pol\u00edtica.<\/p>\n<p>Uma s\u00e9rie de propostas e desafios ressaltaram da discuss\u00e3o, que nos propomos defender e reivindicar: Garantir de que ningu\u00e9m fique para tr\u00e1s. Cumprir o objetivo de tirar 15 milh\u00f5es de pessoas da pobreza, incluindo 5 milh\u00f5es de crian\u00e7as. Melhorar a prote\u00e7\u00e3o social, apostar em crescimento econ\u00f3mico que garanta desenvolvimento humano, reduzir a economia paralela e colocar as pessoas no centro. Criar empregos dignos e sustent\u00e1veis. Lutar por uma gest\u00e3o p\u00fablica eficiente e travar a privatiza\u00e7\u00e3o dos servi\u00e7os p\u00fablicos. Mais forma\u00e7\u00e3o, readquirir a credibilidade da forma\u00e7\u00e3o e adapt\u00e1-la ao sistema educacional e numa perspetiva de forma\u00e7\u00e3o cont\u00ednua. A nossa responsabilidade de cidad\u00e3os europeus exige que continuemos a luta por uma Europa fiel aos valores da dignidade humana, da solidariedade e do bem comum. Uma Uni\u00e3o Europeia verdadeiramente social e fraterna.<\/p>\n<p>Nas sess\u00f5es de debate e reflex\u00e3o tivemos os contributos de: <strong>Francois Martin-Chave<\/strong>, membro das Comiss\u00f5es de Jovens da Confedera\u00e7\u00e3o Francesa de Trabalhadores Crist\u00e3os e Consultor Nacional de<strong> T.I.<\/strong>; <strong>Dr.\u00aa Clara Murteira<\/strong> professora na FEUC \u2013 faculdade de Economia da Universidade de Coimbra; <strong>Rafael Allepuz Capdevila<\/strong>, Licenciado em Economia e Gest\u00e3o de empresas pela Universidade de Barcelona e doutorado pela Universidade de Lleida. Participaram ainda numa mesa redonda representantes de organiza\u00e7\u00f5es de todos os pa\u00edses presentes. O Semin\u00e1rio \u00e9 financiado pela Uni\u00e3o Europeia.<\/p>\n<p>Lisboa, 15 de junho de 2025<\/p>\n<p><img loading=\"lazy\" decoding=\"async\" class=\"alignleft wp-image-2730\" src=\"https:\/\/sites.ecclesia.pt\/loc-mtc\/wp-content\/uploads\/2025\/06\/loc-150x150.jpg\" alt=\"\" width=\"100\" height=\"86\" \/><\/p>\n<p><img loading=\"lazy\" decoding=\"async\" class=\"alignnone wp-image-2731\" src=\"https:\/\/sites.ecclesia.pt\/loc-mtc\/wp-content\/uploads\/2025\/06\/ue.jpg\" alt=\"\" width=\"100\" height=\"66\" \/><img loading=\"lazy\" decoding=\"async\" class=\"wp-image-2732 alignleft\" src=\"https:\/\/sites.ecclesia.pt\/loc-mtc\/wp-content\/uploads\/2025\/06\/eza.jpg\" alt=\"\" width=\"150\" height=\"76\" \/><\/p>\n<p>&nbsp;<\/p>\n","protected":false},"excerpt":{"rendered":"<p>A LOC\/MTC \u2013 Liga Oper\u00e1ria Cat\u00f3lica\/Movimento de Trabalhadores Crist\u00e3os, realizou de 08 a 11 de junho de 2025 no Semin\u00e1rio Diocesano de Leiria um Semin\u00e1rio Internacional com o tema: \u201cPilar Europeu dos Direitos Sociais \u2013 PEDS\u201d.<\/p>\n","protected":false},"author":2,"featured_media":2734,"comment_status":"closed","ping_status":"closed","sticky":false,"template":"","format":"standard","meta":{"_et_pb_use_builder":"","_et_pb_old_content":"","_et_gb_content_width":"","footnotes":""},"categories":[2],"tags":[],"class_list":["post-2729","post","type-post","status-publish","format-standard","has-post-thumbnail","hentry","category-noticias"],"yoast_head":"<!-- This site is optimized with the Yoast SEO plugin v26.9 - https:\/\/yoast.com\/product\/yoast-seo-wordpress\/ -->\n<title>Semin\u00e1rio Internacional: \u201cPilar Europeu dos Direitos Sociais \u2013 PEDS\u201d - LOC-MTC<\/title>\n<meta name=\"robots\" content=\"index, follow, max-snippet:-1, max-image-preview:large, max-video-preview:-1\" \/>\n<link rel=\"canonical\" href=\"https:\/\/sites.ecclesia.pt\/loc-mtc\/seminario-internacional-pilar-europeu-dos-direitos-sociais-peds\/\" \/>\n<meta property=\"og:locale\" content=\"pt_PT\" \/>\n<meta property=\"og:type\" content=\"article\" \/>\n<meta property=\"og:title\" content=\"Semin\u00e1rio Internacional: \u201cPilar Europeu dos Direitos Sociais \u2013 PEDS\u201d - LOC-MTC\" \/>\n<meta property=\"og:description\" content=\"A LOC\/MTC \u2013 Liga Oper\u00e1ria Cat\u00f3lica\/Movimento de Trabalhadores Crist\u00e3os, realizou de 08 a 11 de junho de 2025 no Semin\u00e1rio Diocesano de Leiria um Semin\u00e1rio Internacional com o tema: \u201cPilar Europeu dos Direitos Sociais \u2013 PEDS\u201d.\" \/>\n<meta property=\"og:url\" content=\"https:\/\/sites.ecclesia.pt\/loc-mtc\/seminario-internacional-pilar-europeu-dos-direitos-sociais-peds\/\" \/>\n<meta property=\"og:site_name\" content=\"LOC-MTC\" \/>\n<meta property=\"article:published_time\" content=\"2025-06-16T08:36:26+00:00\" \/>\n<meta property=\"og:image\" content=\"https:\/\/sites.ecclesia.pt\/loc-mtc\/wp-content\/uploads\/2025\/06\/Foto-Grupo-Semin\u251cirio-2025-Leiria-e1750062964674.jpg\" \/>\n\t<meta property=\"og:image:width\" content=\"600\" \/>\n\t<meta property=\"og:image:height\" content=\"630\" \/>\n\t<meta property=\"og:image:type\" content=\"image\/jpeg\" \/>\n<meta name=\"author\" content=\"LOC-MTC\" \/>\n<meta name=\"twitter:card\" content=\"summary_large_image\" \/>\n<meta name=\"twitter:label1\" content=\"Escrito por\" \/>\n\t<meta name=\"twitter:data1\" content=\"LOC-MTC\" \/>\n\t<meta name=\"twitter:label2\" content=\"Tempo estimado de leitura\" \/>\n\t<meta name=\"twitter:data2\" content=\"7 minutos\" \/>\n<script type=\"application\/ld+json\" class=\"yoast-schema-graph\">{\"@context\":\"https:\/\/schema.org\",\"@graph\":[{\"@type\":\"Article\",\"@id\":\"https:\/\/sites.ecclesia.pt\/loc-mtc\/seminario-internacional-pilar-europeu-dos-direitos-sociais-peds\/#article\",\"isPartOf\":{\"@id\":\"https:\/\/sites.ecclesia.pt\/loc-mtc\/seminario-internacional-pilar-europeu-dos-direitos-sociais-peds\/\"},\"author\":{\"name\":\"LOC-MTC\",\"@id\":\"https:\/\/sites.ecclesia.pt\/loc-mtc\/#\/schema\/person\/8ba13a346b282ac81bddb0740218c156\"},\"headline\":\"Semin\u00e1rio Internacional: \u201cPilar Europeu dos Direitos Sociais \u2013 PEDS\u201d\",\"datePublished\":\"2025-06-16T08:36:26+00:00\",\"mainEntityOfPage\":{\"@id\":\"https:\/\/sites.ecclesia.pt\/loc-mtc\/seminario-internacional-pilar-europeu-dos-direitos-sociais-peds\/\"},\"wordCount\":1061,\"publisher\":{\"@id\":\"https:\/\/sites.ecclesia.pt\/loc-mtc\/#organization\"},\"image\":{\"@id\":\"https:\/\/sites.ecclesia.pt\/loc-mtc\/seminario-internacional-pilar-europeu-dos-direitos-sociais-peds\/#primaryimage\"},\"thumbnailUrl\":\"https:\/\/sites.ecclesia.pt\/loc-mtc\/wp-content\/uploads\/2025\/06\/Foto-Grupo-Semin\u251cirio-2025-Leiria-e1750062964674.jpg\",\"articleSection\":[\"Not\u00edcias\"],\"inLanguage\":\"pt-PT\"},{\"@type\":\"WebPage\",\"@id\":\"https:\/\/sites.ecclesia.pt\/loc-mtc\/seminario-internacional-pilar-europeu-dos-direitos-sociais-peds\/\",\"url\":\"https:\/\/sites.ecclesia.pt\/loc-mtc\/seminario-internacional-pilar-europeu-dos-direitos-sociais-peds\/\",\"name\":\"Semin\u00e1rio Internacional: \u201cPilar Europeu dos Direitos Sociais \u2013 PEDS\u201d - LOC-MTC\",\"isPartOf\":{\"@id\":\"https:\/\/sites.ecclesia.pt\/loc-mtc\/#website\"},\"primaryImageOfPage\":{\"@id\":\"https:\/\/sites.ecclesia.pt\/loc-mtc\/seminario-internacional-pilar-europeu-dos-direitos-sociais-peds\/#primaryimage\"},\"image\":{\"@id\":\"https:\/\/sites.ecclesia.pt\/loc-mtc\/seminario-internacional-pilar-europeu-dos-direitos-sociais-peds\/#primaryimage\"},\"thumbnailUrl\":\"https:\/\/sites.ecclesia.pt\/loc-mtc\/wp-content\/uploads\/2025\/06\/Foto-Grupo-Semin\u251cirio-2025-Leiria-e1750062964674.jpg\",\"datePublished\":\"2025-06-16T08:36:26+00:00\",\"breadcrumb\":{\"@id\":\"https:\/\/sites.ecclesia.pt\/loc-mtc\/seminario-internacional-pilar-europeu-dos-direitos-sociais-peds\/#breadcrumb\"},\"inLanguage\":\"pt-PT\",\"potentialAction\":[{\"@type\":\"ReadAction\",\"target\":[\"https:\/\/sites.ecclesia.pt\/loc-mtc\/seminario-internacional-pilar-europeu-dos-direitos-sociais-peds\/\"]}]},{\"@type\":\"ImageObject\",\"inLanguage\":\"pt-PT\",\"@id\":\"https:\/\/sites.ecclesia.pt\/loc-mtc\/seminario-internacional-pilar-europeu-dos-direitos-sociais-peds\/#primaryimage\",\"url\":\"https:\/\/sites.ecclesia.pt\/loc-mtc\/wp-content\/uploads\/2025\/06\/Foto-Grupo-Semin\u251cirio-2025-Leiria-e1750062964674.jpg\",\"contentUrl\":\"https:\/\/sites.ecclesia.pt\/loc-mtc\/wp-content\/uploads\/2025\/06\/Foto-Grupo-Semin\u251cirio-2025-Leiria-e1750062964674.jpg\",\"width\":600,\"height\":630},{\"@type\":\"BreadcrumbList\",\"@id\":\"https:\/\/sites.ecclesia.pt\/loc-mtc\/seminario-internacional-pilar-europeu-dos-direitos-sociais-peds\/#breadcrumb\",\"itemListElement\":[{\"@type\":\"ListItem\",\"position\":1,\"name\":\"Home\",\"item\":\"https:\/\/sites.ecclesia.pt\/loc-mtc\/\"},{\"@type\":\"ListItem\",\"position\":2,\"name\":\"Semin\u00e1rio Internacional: \u201cPilar Europeu dos Direitos Sociais \u2013 PEDS\u201d\"}]},{\"@type\":\"WebSite\",\"@id\":\"https:\/\/sites.ecclesia.pt\/loc-mtc\/#website\",\"url\":\"https:\/\/sites.ecclesia.pt\/loc-mtc\/\",\"name\":\"LOC-MTC\",\"description\":\"Liga Oper\u00e1ria Cat\u00f3lica \u2013 Movimento de Trabalhadores Crist\u00e3os\",\"publisher\":{\"@id\":\"https:\/\/sites.ecclesia.pt\/loc-mtc\/#organization\"},\"potentialAction\":[{\"@type\":\"SearchAction\",\"target\":{\"@type\":\"EntryPoint\",\"urlTemplate\":\"https:\/\/sites.ecclesia.pt\/loc-mtc\/?s={search_term_string}\"},\"query-input\":{\"@type\":\"PropertyValueSpecification\",\"valueRequired\":true,\"valueName\":\"search_term_string\"}}],\"inLanguage\":\"pt-PT\"},{\"@type\":\"Organization\",\"@id\":\"https:\/\/sites.ecclesia.pt\/loc-mtc\/#organization\",\"name\":\"LOC\/MTC - Liga Oper\u00e1ria Cat\u00f3lica\/Movimento dos Trabalhadores Crist\u00e3os\",\"alternateName\":\"LOC\/MTC\",\"url\":\"https:\/\/sites.ecclesia.pt\/loc-mtc\/\",\"logo\":{\"@type\":\"ImageObject\",\"inLanguage\":\"pt-PT\",\"@id\":\"https:\/\/sites.ecclesia.pt\/loc-mtc\/#\/schema\/logo\/image\/\",\"url\":\"https:\/\/sites.ecclesia.pt\/loc-mtc\/wp-content\/uploads\/2021\/07\/loc-mtc-fb.jpg\",\"contentUrl\":\"https:\/\/sites.ecclesia.pt\/loc-mtc\/wp-content\/uploads\/2021\/07\/loc-mtc-fb.jpg\",\"width\":583,\"height\":552,\"caption\":\"LOC\/MTC - Liga Oper\u00e1ria Cat\u00f3lica\/Movimento dos Trabalhadores Crist\u00e3os\"},\"image\":{\"@id\":\"https:\/\/sites.ecclesia.pt\/loc-mtc\/#\/schema\/logo\/image\/\"}},{\"@type\":\"Person\",\"@id\":\"https:\/\/sites.ecclesia.pt\/loc-mtc\/#\/schema\/person\/8ba13a346b282ac81bddb0740218c156\",\"name\":\"LOC-MTC\",\"image\":{\"@type\":\"ImageObject\",\"inLanguage\":\"pt-PT\",\"@id\":\"https:\/\/sites.ecclesia.pt\/loc-mtc\/#\/schema\/person\/image\/\",\"url\":\"https:\/\/secure.gravatar.com\/avatar\/381f263bbf1376baf59211319cecf05597b65a26b86db6798bf393c99c999ed9?s=96&d=mm&r=g\",\"contentUrl\":\"https:\/\/secure.gravatar.com\/avatar\/381f263bbf1376baf59211319cecf05597b65a26b86db6798bf393c99c999ed9?s=96&d=mm&r=g\",\"caption\":\"LOC-MTC\"},\"sameAs\":[\"http:\/\/www.ecclesia.pt\/loc-mtc\"]}]}<\/script>\n<!-- \/ Yoast SEO plugin. -->","yoast_head_json":{"title":"Semin\u00e1rio Internacional: \u201cPilar Europeu dos Direitos Sociais \u2013 PEDS\u201d - LOC-MTC","robots":{"index":"index","follow":"follow","max-snippet":"max-snippet:-1","max-image-preview":"max-image-preview:large","max-video-preview":"max-video-preview:-1"},"canonical":"https:\/\/sites.ecclesia.pt\/loc-mtc\/seminario-internacional-pilar-europeu-dos-direitos-sociais-peds\/","og_locale":"pt_PT","og_type":"article","og_title":"Semin\u00e1rio Internacional: \u201cPilar Europeu dos Direitos Sociais \u2013 PEDS\u201d - LOC-MTC","og_description":"A LOC\/MTC \u2013 Liga Oper\u00e1ria Cat\u00f3lica\/Movimento de Trabalhadores Crist\u00e3os, realizou de 08 a 11 de junho de 2025 no Semin\u00e1rio Diocesano de Leiria um Semin\u00e1rio Internacional com o tema: \u201cPilar Europeu dos Direitos Sociais \u2013 PEDS\u201d.","og_url":"https:\/\/sites.ecclesia.pt\/loc-mtc\/seminario-internacional-pilar-europeu-dos-direitos-sociais-peds\/","og_site_name":"LOC-MTC","article_published_time":"2025-06-16T08:36:26+00:00","og_image":[{"width":600,"height":630,"url":"https:\/\/sites.ecclesia.pt\/loc-mtc\/wp-content\/uploads\/2025\/06\/Foto-Grupo-Semin\u251cirio-2025-Leiria-e1750062964674.jpg","type":"image\/jpeg"}],"author":"LOC-MTC","twitter_card":"summary_large_image","twitter_misc":{"Escrito por":"LOC-MTC","Tempo estimado de leitura":"7 minutos"},"schema":{"@context":"https:\/\/schema.org","@graph":[{"@type":"Article","@id":"https:\/\/sites.ecclesia.pt\/loc-mtc\/seminario-internacional-pilar-europeu-dos-direitos-sociais-peds\/#article","isPartOf":{"@id":"https:\/\/sites.ecclesia.pt\/loc-mtc\/seminario-internacional-pilar-europeu-dos-direitos-sociais-peds\/"},"author":{"name":"LOC-MTC","@id":"https:\/\/sites.ecclesia.pt\/loc-mtc\/#\/schema\/person\/8ba13a346b282ac81bddb0740218c156"},"headline":"Semin\u00e1rio Internacional: \u201cPilar Europeu dos Direitos Sociais \u2013 PEDS\u201d","datePublished":"2025-06-16T08:36:26+00:00","mainEntityOfPage":{"@id":"https:\/\/sites.ecclesia.pt\/loc-mtc\/seminario-internacional-pilar-europeu-dos-direitos-sociais-peds\/"},"wordCount":1061,"publisher":{"@id":"https:\/\/sites.ecclesia.pt\/loc-mtc\/#organization"},"image":{"@id":"https:\/\/sites.ecclesia.pt\/loc-mtc\/seminario-internacional-pilar-europeu-dos-direitos-sociais-peds\/#primaryimage"},"thumbnailUrl":"https:\/\/sites.ecclesia.pt\/loc-mtc\/wp-content\/uploads\/2025\/06\/Foto-Grupo-Semin\u251cirio-2025-Leiria-e1750062964674.jpg","articleSection":["Not\u00edcias"],"inLanguage":"pt-PT"},{"@type":"WebPage","@id":"https:\/\/sites.ecclesia.pt\/loc-mtc\/seminario-internacional-pilar-europeu-dos-direitos-sociais-peds\/","url":"https:\/\/sites.ecclesia.pt\/loc-mtc\/seminario-internacional-pilar-europeu-dos-direitos-sociais-peds\/","name":"Semin\u00e1rio Internacional: \u201cPilar Europeu dos Direitos Sociais \u2013 PEDS\u201d - LOC-MTC","isPartOf":{"@id":"https:\/\/sites.ecclesia.pt\/loc-mtc\/#website"},"primaryImageOfPage":{"@id":"https:\/\/sites.ecclesia.pt\/loc-mtc\/seminario-internacional-pilar-europeu-dos-direitos-sociais-peds\/#primaryimage"},"image":{"@id":"https:\/\/sites.ecclesia.pt\/loc-mtc\/seminario-internacional-pilar-europeu-dos-direitos-sociais-peds\/#primaryimage"},"thumbnailUrl":"https:\/\/sites.ecclesia.pt\/loc-mtc\/wp-content\/uploads\/2025\/06\/Foto-Grupo-Semin\u251cirio-2025-Leiria-e1750062964674.jpg","datePublished":"2025-06-16T08:36:26+00:00","breadcrumb":{"@id":"https:\/\/sites.ecclesia.pt\/loc-mtc\/seminario-internacional-pilar-europeu-dos-direitos-sociais-peds\/#breadcrumb"},"inLanguage":"pt-PT","potentialAction":[{"@type":"ReadAction","target":["https:\/\/sites.ecclesia.pt\/loc-mtc\/seminario-internacional-pilar-europeu-dos-direitos-sociais-peds\/"]}]},{"@type":"ImageObject","inLanguage":"pt-PT","@id":"https:\/\/sites.ecclesia.pt\/loc-mtc\/seminario-internacional-pilar-europeu-dos-direitos-sociais-peds\/#primaryimage","url":"https:\/\/sites.ecclesia.pt\/loc-mtc\/wp-content\/uploads\/2025\/06\/Foto-Grupo-Semin\u251cirio-2025-Leiria-e1750062964674.jpg","contentUrl":"https:\/\/sites.ecclesia.pt\/loc-mtc\/wp-content\/uploads\/2025\/06\/Foto-Grupo-Semin\u251cirio-2025-Leiria-e1750062964674.jpg","width":600,"height":630},{"@type":"BreadcrumbList","@id":"https:\/\/sites.ecclesia.pt\/loc-mtc\/seminario-internacional-pilar-europeu-dos-direitos-sociais-peds\/#breadcrumb","itemListElement":[{"@type":"ListItem","position":1,"name":"Home","item":"https:\/\/sites.ecclesia.pt\/loc-mtc\/"},{"@type":"ListItem","position":2,"name":"Semin\u00e1rio Internacional: \u201cPilar Europeu dos Direitos Sociais \u2013 PEDS\u201d"}]},{"@type":"WebSite","@id":"https:\/\/sites.ecclesia.pt\/loc-mtc\/#website","url":"https:\/\/sites.ecclesia.pt\/loc-mtc\/","name":"LOC-MTC","description":"Liga Oper\u00e1ria Cat\u00f3lica \u2013 Movimento de Trabalhadores Crist\u00e3os","publisher":{"@id":"https:\/\/sites.ecclesia.pt\/loc-mtc\/#organization"},"potentialAction":[{"@type":"SearchAction","target":{"@type":"EntryPoint","urlTemplate":"https:\/\/sites.ecclesia.pt\/loc-mtc\/?s={search_term_string}"},"query-input":{"@type":"PropertyValueSpecification","valueRequired":true,"valueName":"search_term_string"}}],"inLanguage":"pt-PT"},{"@type":"Organization","@id":"https:\/\/sites.ecclesia.pt\/loc-mtc\/#organization","name":"LOC\/MTC - Liga Oper\u00e1ria Cat\u00f3lica\/Movimento dos Trabalhadores Crist\u00e3os","alternateName":"LOC\/MTC","url":"https:\/\/sites.ecclesia.pt\/loc-mtc\/","logo":{"@type":"ImageObject","inLanguage":"pt-PT","@id":"https:\/\/sites.ecclesia.pt\/loc-mtc\/#\/schema\/logo\/image\/","url":"https:\/\/sites.ecclesia.pt\/loc-mtc\/wp-content\/uploads\/2021\/07\/loc-mtc-fb.jpg","contentUrl":"https:\/\/sites.ecclesia.pt\/loc-mtc\/wp-content\/uploads\/2021\/07\/loc-mtc-fb.jpg","width":583,"height":552,"caption":"LOC\/MTC - Liga Oper\u00e1ria Cat\u00f3lica\/Movimento dos Trabalhadores Crist\u00e3os"},"image":{"@id":"https:\/\/sites.ecclesia.pt\/loc-mtc\/#\/schema\/logo\/image\/"}},{"@type":"Person","@id":"https:\/\/sites.ecclesia.pt\/loc-mtc\/#\/schema\/person\/8ba13a346b282ac81bddb0740218c156","name":"LOC-MTC","image":{"@type":"ImageObject","inLanguage":"pt-PT","@id":"https:\/\/sites.ecclesia.pt\/loc-mtc\/#\/schema\/person\/image\/","url":"https:\/\/secure.gravatar.com\/avatar\/381f263bbf1376baf59211319cecf05597b65a26b86db6798bf393c99c999ed9?s=96&d=mm&r=g","contentUrl":"https:\/\/secure.gravatar.com\/avatar\/381f263bbf1376baf59211319cecf05597b65a26b86db6798bf393c99c999ed9?s=96&d=mm&r=g","caption":"LOC-MTC"},"sameAs":["http:\/\/www.ecclesia.pt\/loc-mtc"]}]}},"_links":{"self":[{"href":"https:\/\/sites.ecclesia.pt\/loc-mtc\/wp-json\/wp\/v2\/posts\/2729","targetHints":{"allow":["GET"]}}],"collection":[{"href":"https:\/\/sites.ecclesia.pt\/loc-mtc\/wp-json\/wp\/v2\/posts"}],"about":[{"href":"https:\/\/sites.ecclesia.pt\/loc-mtc\/wp-json\/wp\/v2\/types\/post"}],"author":[{"embeddable":true,"href":"https:\/\/sites.ecclesia.pt\/loc-mtc\/wp-json\/wp\/v2\/users\/2"}],"replies":[{"embeddable":true,"href":"https:\/\/sites.ecclesia.pt\/loc-mtc\/wp-json\/wp\/v2\/comments?post=2729"}],"version-history":[{"count":1,"href":"https:\/\/sites.ecclesia.pt\/loc-mtc\/wp-json\/wp\/v2\/posts\/2729\/revisions"}],"predecessor-version":[{"id":2736,"href":"https:\/\/sites.ecclesia.pt\/loc-mtc\/wp-json\/wp\/v2\/posts\/2729\/revisions\/2736"}],"wp:featuredmedia":[{"embeddable":true,"href":"https:\/\/sites.ecclesia.pt\/loc-mtc\/wp-json\/wp\/v2\/media\/2734"}],"wp:attachment":[{"href":"https:\/\/sites.ecclesia.pt\/loc-mtc\/wp-json\/wp\/v2\/media?parent=2729"}],"wp:term":[{"taxonomy":"category","embeddable":true,"href":"https:\/\/sites.ecclesia.pt\/loc-mtc\/wp-json\/wp\/v2\/categories?post=2729"},{"taxonomy":"post_tag","embeddable":true,"href":"https:\/\/sites.ecclesia.pt\/loc-mtc\/wp-json\/wp\/v2\/tags?post=2729"}],"curies":[{"name":"wp","href":"https:\/\/api.w.org\/{rel}","templated":true}]}}