{"id":2818,"date":"2026-04-30T08:40:47","date_gmt":"2026-04-30T08:40:47","guid":{"rendered":"https:\/\/sites.ecclesia.pt\/loc-mtc\/?p=2818"},"modified":"2026-04-30T08:43:00","modified_gmt":"2026-04-30T08:43:00","slug":"mensagem-para-o-1-o-de-maio-2026","status":"publish","type":"post","link":"https:\/\/sites.ecclesia.pt\/loc-mtc\/mensagem-para-o-1-o-de-maio-2026\/","title":{"rendered":"Mensagem para o 1.\u00ba de Maio 2026"},"content":{"rendered":"<p>O trabalho \u00e9 uma dimens\u00e3o essencial da vida humana. \u00abTrabalhando, nos tornamos mais pessoa, a nossa humanidade floresce\u00bb (Le\u00e3o XIV). N\u00e3o \u00e9 apenas fonte de sustento, mas tamb\u00e9m espa\u00e7o de realiza\u00e7\u00e3o pessoal, de participa\u00e7\u00e3o na sociedade e de constru\u00e7\u00e3o do bem comum. Valorizar o trabalho \u00e9 reconhecer a dignidade de cada homem e mulher, criados \u00e0 imagem de Deus.<\/p>\n<p>A realidade atual levanta s\u00e9rias preocupa\u00e7\u00f5es. Encontram-se em discuss\u00e3o propostas legislativas que sendo aprovadas fragilizar\u00e3o direitos laborais conquistados, promovendo maior precariza\u00e7\u00e3o e uma flexibiliza\u00e7\u00e3o dos hor\u00e1rios de trabalho que dificulta a necess\u00e1ria concilia\u00e7\u00e3o com a vida familiar, o descanso e a participa\u00e7\u00e3o c\u00edvica. Estas tend\u00eancias representam um risco que n\u00e3o pode ser ignorado, com especial<br \/>\nrelev\u00e2ncia os mais fragilizados como por exemplo as mulheres, que continua a sofrer de discrimina\u00e7\u00e3o salarial, e os imigrantes.<\/p>\n<p>Ao mesmo tempo, muitos trabalhadores enfrentam um progressivo empobrecimento. A perda de poder de compra, face ao aumento do custo de vida, torna mais dif\u00edcil assegurar condi\u00e7\u00f5es de vida dignas.<\/p>\n<p>A evolu\u00e7\u00e3o tecnol\u00f3gica est\u00e1 tamb\u00e9m a transformar profundamente o mundo do trabalho. Se, por um lado, abre novas oportunidades, por outro, pode acentuar desigualdades e concentrar ainda mais o poder econ\u00f3mico e pol\u00edtico num conjunto reduzido de organiza\u00e7\u00f5es, afastando a pessoa do centro das decis\u00f5es.<\/p>\n<p>Num plano global, persistem conflitos armados que continuam a causar sofrimento e destrui\u00e7\u00e3o. Estas guerras n\u00e3o servem os povos nem os trabalhadores; respondem, muitas vezes, a interesses econ\u00f3micos e estrat\u00e9gicos que lhes s\u00e3o alheios, agravando injusti\u00e7as e amea\u00e7ando a paz.<\/p>\n<p>Perante este contexto exigente, a Boa Nova de Jesus Cristo continua a ser fonte de inspira\u00e7\u00e3o e esperan\u00e7a na constru\u00e7\u00e3o de um mundo mais digno e mais justo. A LOC\/MTC acredita que o seu projeto de justi\u00e7a, fraternidade e dignidade deve ganhar express\u00e3o concreta tamb\u00e9m no mundo do trabalho.<\/p>\n<p>Neste 1.\u00ba de Maio, somos chamados a estar atentos, a participar e a assumir a responsabilidade de defender um trabalho digno, humano e ao servi\u00e7o da pessoa. \u00c9miss\u00e3o dos trabalhadores, \u00e9 miss\u00e3o da LOC\/MTC.<\/p>\n<p>A Equipa Executiva Nacional da LOC\/MTC<\/p>\n<p><img loading=\"lazy\" decoding=\"async\" class=\"size-full wp-image-2730 alignleft\" src=\"https:\/\/sites.ecclesia.pt\/loc-mtc\/wp-content\/uploads\/2025\/06\/loc.jpg\" alt=\"\" width=\"201\" height=\"173\" \/><img loading=\"lazy\" decoding=\"async\" class=\"wp-image-2795 size-full aligncenter\" src=\"https:\/\/sites.ecclesia.pt\/loc-mtc\/wp-content\/uploads\/2026\/02\/Imagem1.jpg\" alt=\"\" width=\"336\" height=\"161\" srcset=\"https:\/\/sites.ecclesia.pt\/loc-mtc\/wp-content\/uploads\/2026\/02\/Imagem1.jpg 336w, https:\/\/sites.ecclesia.pt\/loc-mtc\/wp-content\/uploads\/2026\/02\/Imagem1-300x144.jpg 300w\" sizes=\"(max-width: 336px) 100vw, 336px\" \/><\/p>\n","protected":false},"excerpt":{"rendered":"<p>No Dia do Trabalhador, a LOC \u2013 Movimento de Trabalhadores Crist\u00e3os reafirma a import\u00e2ncia de celebrar o 1.\u00ba de Maio como mem\u00f3ria das conquistas alcan\u00e7adas pelos trabalhadores e como compromisso renovado com a dignidade do trabalho.<\/p>\n","protected":false},"author":2,"featured_media":2795,"comment_status":"closed","ping_status":"closed","sticky":false,"template":"","format":"standard","meta":{"_et_pb_use_builder":"","_et_pb_old_content":"","_et_gb_content_width":"","footnotes":""},"categories":[4,2],"tags":[],"class_list":["post-2818","post","type-post","status-publish","format-standard","has-post-thumbnail","hentry","category-comunicados","category-noticias"],"yoast_head":"<!-- This site is optimized with the Yoast SEO plugin v26.9 - https:\/\/yoast.com\/product\/yoast-seo-wordpress\/ -->\n<title>Mensagem para o 1.\u00ba de Maio 2026 - LOC-MTC<\/title>\n<meta name=\"robots\" content=\"index, follow, max-snippet:-1, max-image-preview:large, max-video-preview:-1\" \/>\n<link rel=\"canonical\" href=\"https:\/\/sites.ecclesia.pt\/loc-mtc\/mensagem-para-o-1-o-de-maio-2026\/\" \/>\n<meta property=\"og:locale\" content=\"pt_PT\" \/>\n<meta property=\"og:type\" content=\"article\" \/>\n<meta property=\"og:title\" content=\"Mensagem para o 1.\u00ba de Maio 2026 - LOC-MTC\" \/>\n<meta property=\"og:description\" content=\"No Dia do Trabalhador, a LOC \u2013 Movimento de Trabalhadores Crist\u00e3os reafirma a import\u00e2ncia de celebrar o 1.\u00ba de Maio como mem\u00f3ria das conquistas alcan\u00e7adas pelos trabalhadores e como compromisso renovado com a dignidade do trabalho.\" \/>\n<meta property=\"og:url\" content=\"https:\/\/sites.ecclesia.pt\/loc-mtc\/mensagem-para-o-1-o-de-maio-2026\/\" \/>\n<meta property=\"og:site_name\" content=\"LOC-MTC\" \/>\n<meta property=\"article:published_time\" content=\"2026-04-30T08:40:47+00:00\" \/>\n<meta property=\"article:modified_time\" content=\"2026-04-30T08:43:00+00:00\" \/>\n<meta property=\"og:image\" content=\"https:\/\/sites.ecclesia.pt\/loc-mtc\/wp-content\/uploads\/2026\/02\/Imagem1.jpg\" \/>\n\t<meta property=\"og:image:width\" content=\"336\" \/>\n\t<meta property=\"og:image:height\" content=\"161\" \/>\n\t<meta property=\"og:image:type\" content=\"image\/jpeg\" \/>\n<meta name=\"author\" content=\"LOC-MTC\" \/>\n<meta name=\"twitter:card\" content=\"summary_large_image\" \/>\n<meta name=\"twitter:label1\" content=\"Escrito por\" \/>\n\t<meta name=\"twitter:data1\" content=\"LOC-MTC\" \/>\n\t<meta name=\"twitter:label2\" content=\"Tempo estimado de leitura\" \/>\n\t<meta name=\"twitter:data2\" content=\"3 minutos\" \/>\n<script type=\"application\/ld+json\" class=\"yoast-schema-graph\">{\"@context\":\"https:\/\/schema.org\",\"@graph\":[{\"@type\":\"Article\",\"@id\":\"https:\/\/sites.ecclesia.pt\/loc-mtc\/mensagem-para-o-1-o-de-maio-2026\/#article\",\"isPartOf\":{\"@id\":\"https:\/\/sites.ecclesia.pt\/loc-mtc\/mensagem-para-o-1-o-de-maio-2026\/\"},\"author\":{\"name\":\"LOC-MTC\",\"@id\":\"https:\/\/sites.ecclesia.pt\/loc-mtc\/#\/schema\/person\/8ba13a346b282ac81bddb0740218c156\"},\"headline\":\"Mensagem para o 1.\u00ba de Maio 2026\",\"datePublished\":\"2026-04-30T08:40:47+00:00\",\"dateModified\":\"2026-04-30T08:43:00+00:00\",\"mainEntityOfPage\":{\"@id\":\"https:\/\/sites.ecclesia.pt\/loc-mtc\/mensagem-para-o-1-o-de-maio-2026\/\"},\"wordCount\":387,\"publisher\":{\"@id\":\"https:\/\/sites.ecclesia.pt\/loc-mtc\/#organization\"},\"image\":{\"@id\":\"https:\/\/sites.ecclesia.pt\/loc-mtc\/mensagem-para-o-1-o-de-maio-2026\/#primaryimage\"},\"thumbnailUrl\":\"https:\/\/sites.ecclesia.pt\/loc-mtc\/wp-content\/uploads\/2026\/02\/Imagem1.jpg\",\"articleSection\":[\"Comunicados\",\"Not\u00edcias\"],\"inLanguage\":\"pt-PT\"},{\"@type\":\"WebPage\",\"@id\":\"https:\/\/sites.ecclesia.pt\/loc-mtc\/mensagem-para-o-1-o-de-maio-2026\/\",\"url\":\"https:\/\/sites.ecclesia.pt\/loc-mtc\/mensagem-para-o-1-o-de-maio-2026\/\",\"name\":\"Mensagem para o 1.\u00ba de Maio 2026 - LOC-MTC\",\"isPartOf\":{\"@id\":\"https:\/\/sites.ecclesia.pt\/loc-mtc\/#website\"},\"primaryImageOfPage\":{\"@id\":\"https:\/\/sites.ecclesia.pt\/loc-mtc\/mensagem-para-o-1-o-de-maio-2026\/#primaryimage\"},\"image\":{\"@id\":\"https:\/\/sites.ecclesia.pt\/loc-mtc\/mensagem-para-o-1-o-de-maio-2026\/#primaryimage\"},\"thumbnailUrl\":\"https:\/\/sites.ecclesia.pt\/loc-mtc\/wp-content\/uploads\/2026\/02\/Imagem1.jpg\",\"datePublished\":\"2026-04-30T08:40:47+00:00\",\"dateModified\":\"2026-04-30T08:43:00+00:00\",\"breadcrumb\":{\"@id\":\"https:\/\/sites.ecclesia.pt\/loc-mtc\/mensagem-para-o-1-o-de-maio-2026\/#breadcrumb\"},\"inLanguage\":\"pt-PT\",\"potentialAction\":[{\"@type\":\"ReadAction\",\"target\":[\"https:\/\/sites.ecclesia.pt\/loc-mtc\/mensagem-para-o-1-o-de-maio-2026\/\"]}]},{\"@type\":\"ImageObject\",\"inLanguage\":\"pt-PT\",\"@id\":\"https:\/\/sites.ecclesia.pt\/loc-mtc\/mensagem-para-o-1-o-de-maio-2026\/#primaryimage\",\"url\":\"https:\/\/sites.ecclesia.pt\/loc-mtc\/wp-content\/uploads\/2026\/02\/Imagem1.jpg\",\"contentUrl\":\"https:\/\/sites.ecclesia.pt\/loc-mtc\/wp-content\/uploads\/2026\/02\/Imagem1.jpg\",\"width\":336,\"height\":161},{\"@type\":\"BreadcrumbList\",\"@id\":\"https:\/\/sites.ecclesia.pt\/loc-mtc\/mensagem-para-o-1-o-de-maio-2026\/#breadcrumb\",\"itemListElement\":[{\"@type\":\"ListItem\",\"position\":1,\"name\":\"Home\",\"item\":\"https:\/\/sites.ecclesia.pt\/loc-mtc\/\"},{\"@type\":\"ListItem\",\"position\":2,\"name\":\"Mensagem para o 1.\u00ba de Maio 2026\"}]},{\"@type\":\"WebSite\",\"@id\":\"https:\/\/sites.ecclesia.pt\/loc-mtc\/#website\",\"url\":\"https:\/\/sites.ecclesia.pt\/loc-mtc\/\",\"name\":\"LOC-MTC\",\"description\":\"Liga Oper\u00e1ria Cat\u00f3lica \u2013 Movimento de Trabalhadores Crist\u00e3os\",\"publisher\":{\"@id\":\"https:\/\/sites.ecclesia.pt\/loc-mtc\/#organization\"},\"potentialAction\":[{\"@type\":\"SearchAction\",\"target\":{\"@type\":\"EntryPoint\",\"urlTemplate\":\"https:\/\/sites.ecclesia.pt\/loc-mtc\/?s={search_term_string}\"},\"query-input\":{\"@type\":\"PropertyValueSpecification\",\"valueRequired\":true,\"valueName\":\"search_term_string\"}}],\"inLanguage\":\"pt-PT\"},{\"@type\":\"Organization\",\"@id\":\"https:\/\/sites.ecclesia.pt\/loc-mtc\/#organization\",\"name\":\"LOC\/MTC - Liga Oper\u00e1ria Cat\u00f3lica\/Movimento dos Trabalhadores Crist\u00e3os\",\"alternateName\":\"LOC\/MTC\",\"url\":\"https:\/\/sites.ecclesia.pt\/loc-mtc\/\",\"logo\":{\"@type\":\"ImageObject\",\"inLanguage\":\"pt-PT\",\"@id\":\"https:\/\/sites.ecclesia.pt\/loc-mtc\/#\/schema\/logo\/image\/\",\"url\":\"https:\/\/sites.ecclesia.pt\/loc-mtc\/wp-content\/uploads\/2021\/07\/loc-mtc-fb.jpg\",\"contentUrl\":\"https:\/\/sites.ecclesia.pt\/loc-mtc\/wp-content\/uploads\/2021\/07\/loc-mtc-fb.jpg\",\"width\":583,\"height\":552,\"caption\":\"LOC\/MTC - Liga Oper\u00e1ria Cat\u00f3lica\/Movimento dos Trabalhadores Crist\u00e3os\"},\"image\":{\"@id\":\"https:\/\/sites.ecclesia.pt\/loc-mtc\/#\/schema\/logo\/image\/\"}},{\"@type\":\"Person\",\"@id\":\"https:\/\/sites.ecclesia.pt\/loc-mtc\/#\/schema\/person\/8ba13a346b282ac81bddb0740218c156\",\"name\":\"LOC-MTC\",\"image\":{\"@type\":\"ImageObject\",\"inLanguage\":\"pt-PT\",\"@id\":\"https:\/\/sites.ecclesia.pt\/loc-mtc\/#\/schema\/person\/image\/\",\"url\":\"https:\/\/secure.gravatar.com\/avatar\/381f263bbf1376baf59211319cecf05597b65a26b86db6798bf393c99c999ed9?s=96&d=mm&r=g\",\"contentUrl\":\"https:\/\/secure.gravatar.com\/avatar\/381f263bbf1376baf59211319cecf05597b65a26b86db6798bf393c99c999ed9?s=96&d=mm&r=g\",\"caption\":\"LOC-MTC\"},\"sameAs\":[\"http:\/\/www.ecclesia.pt\/loc-mtc\"]}]}<\/script>\n<!-- \/ Yoast SEO plugin. -->","yoast_head_json":{"title":"Mensagem para o 1.\u00ba de Maio 2026 - LOC-MTC","robots":{"index":"index","follow":"follow","max-snippet":"max-snippet:-1","max-image-preview":"max-image-preview:large","max-video-preview":"max-video-preview:-1"},"canonical":"https:\/\/sites.ecclesia.pt\/loc-mtc\/mensagem-para-o-1-o-de-maio-2026\/","og_locale":"pt_PT","og_type":"article","og_title":"Mensagem para o 1.\u00ba de Maio 2026 - LOC-MTC","og_description":"No Dia do Trabalhador, a LOC \u2013 Movimento de Trabalhadores Crist\u00e3os reafirma a import\u00e2ncia de celebrar o 1.\u00ba de Maio como mem\u00f3ria das conquistas alcan\u00e7adas pelos trabalhadores e como compromisso renovado com a dignidade do trabalho.","og_url":"https:\/\/sites.ecclesia.pt\/loc-mtc\/mensagem-para-o-1-o-de-maio-2026\/","og_site_name":"LOC-MTC","article_published_time":"2026-04-30T08:40:47+00:00","article_modified_time":"2026-04-30T08:43:00+00:00","og_image":[{"width":336,"height":161,"url":"https:\/\/sites.ecclesia.pt\/loc-mtc\/wp-content\/uploads\/2026\/02\/Imagem1.jpg","type":"image\/jpeg"}],"author":"LOC-MTC","twitter_card":"summary_large_image","twitter_misc":{"Escrito por":"LOC-MTC","Tempo estimado de leitura":"3 minutos"},"schema":{"@context":"https:\/\/schema.org","@graph":[{"@type":"Article","@id":"https:\/\/sites.ecclesia.pt\/loc-mtc\/mensagem-para-o-1-o-de-maio-2026\/#article","isPartOf":{"@id":"https:\/\/sites.ecclesia.pt\/loc-mtc\/mensagem-para-o-1-o-de-maio-2026\/"},"author":{"name":"LOC-MTC","@id":"https:\/\/sites.ecclesia.pt\/loc-mtc\/#\/schema\/person\/8ba13a346b282ac81bddb0740218c156"},"headline":"Mensagem para o 1.\u00ba de Maio 2026","datePublished":"2026-04-30T08:40:47+00:00","dateModified":"2026-04-30T08:43:00+00:00","mainEntityOfPage":{"@id":"https:\/\/sites.ecclesia.pt\/loc-mtc\/mensagem-para-o-1-o-de-maio-2026\/"},"wordCount":387,"publisher":{"@id":"https:\/\/sites.ecclesia.pt\/loc-mtc\/#organization"},"image":{"@id":"https:\/\/sites.ecclesia.pt\/loc-mtc\/mensagem-para-o-1-o-de-maio-2026\/#primaryimage"},"thumbnailUrl":"https:\/\/sites.ecclesia.pt\/loc-mtc\/wp-content\/uploads\/2026\/02\/Imagem1.jpg","articleSection":["Comunicados","Not\u00edcias"],"inLanguage":"pt-PT"},{"@type":"WebPage","@id":"https:\/\/sites.ecclesia.pt\/loc-mtc\/mensagem-para-o-1-o-de-maio-2026\/","url":"https:\/\/sites.ecclesia.pt\/loc-mtc\/mensagem-para-o-1-o-de-maio-2026\/","name":"Mensagem para o 1.\u00ba de Maio 2026 - LOC-MTC","isPartOf":{"@id":"https:\/\/sites.ecclesia.pt\/loc-mtc\/#website"},"primaryImageOfPage":{"@id":"https:\/\/sites.ecclesia.pt\/loc-mtc\/mensagem-para-o-1-o-de-maio-2026\/#primaryimage"},"image":{"@id":"https:\/\/sites.ecclesia.pt\/loc-mtc\/mensagem-para-o-1-o-de-maio-2026\/#primaryimage"},"thumbnailUrl":"https:\/\/sites.ecclesia.pt\/loc-mtc\/wp-content\/uploads\/2026\/02\/Imagem1.jpg","datePublished":"2026-04-30T08:40:47+00:00","dateModified":"2026-04-30T08:43:00+00:00","breadcrumb":{"@id":"https:\/\/sites.ecclesia.pt\/loc-mtc\/mensagem-para-o-1-o-de-maio-2026\/#breadcrumb"},"inLanguage":"pt-PT","potentialAction":[{"@type":"ReadAction","target":["https:\/\/sites.ecclesia.pt\/loc-mtc\/mensagem-para-o-1-o-de-maio-2026\/"]}]},{"@type":"ImageObject","inLanguage":"pt-PT","@id":"https:\/\/sites.ecclesia.pt\/loc-mtc\/mensagem-para-o-1-o-de-maio-2026\/#primaryimage","url":"https:\/\/sites.ecclesia.pt\/loc-mtc\/wp-content\/uploads\/2026\/02\/Imagem1.jpg","contentUrl":"https:\/\/sites.ecclesia.pt\/loc-mtc\/wp-content\/uploads\/2026\/02\/Imagem1.jpg","width":336,"height":161},{"@type":"BreadcrumbList","@id":"https:\/\/sites.ecclesia.pt\/loc-mtc\/mensagem-para-o-1-o-de-maio-2026\/#breadcrumb","itemListElement":[{"@type":"ListItem","position":1,"name":"Home","item":"https:\/\/sites.ecclesia.pt\/loc-mtc\/"},{"@type":"ListItem","position":2,"name":"Mensagem para o 1.\u00ba de Maio 2026"}]},{"@type":"WebSite","@id":"https:\/\/sites.ecclesia.pt\/loc-mtc\/#website","url":"https:\/\/sites.ecclesia.pt\/loc-mtc\/","name":"LOC-MTC","description":"Liga Oper\u00e1ria Cat\u00f3lica \u2013 Movimento de Trabalhadores Crist\u00e3os","publisher":{"@id":"https:\/\/sites.ecclesia.pt\/loc-mtc\/#organization"},"potentialAction":[{"@type":"SearchAction","target":{"@type":"EntryPoint","urlTemplate":"https:\/\/sites.ecclesia.pt\/loc-mtc\/?s={search_term_string}"},"query-input":{"@type":"PropertyValueSpecification","valueRequired":true,"valueName":"search_term_string"}}],"inLanguage":"pt-PT"},{"@type":"Organization","@id":"https:\/\/sites.ecclesia.pt\/loc-mtc\/#organization","name":"LOC\/MTC - Liga Oper\u00e1ria Cat\u00f3lica\/Movimento dos Trabalhadores Crist\u00e3os","alternateName":"LOC\/MTC","url":"https:\/\/sites.ecclesia.pt\/loc-mtc\/","logo":{"@type":"ImageObject","inLanguage":"pt-PT","@id":"https:\/\/sites.ecclesia.pt\/loc-mtc\/#\/schema\/logo\/image\/","url":"https:\/\/sites.ecclesia.pt\/loc-mtc\/wp-content\/uploads\/2021\/07\/loc-mtc-fb.jpg","contentUrl":"https:\/\/sites.ecclesia.pt\/loc-mtc\/wp-content\/uploads\/2021\/07\/loc-mtc-fb.jpg","width":583,"height":552,"caption":"LOC\/MTC - Liga Oper\u00e1ria Cat\u00f3lica\/Movimento dos Trabalhadores Crist\u00e3os"},"image":{"@id":"https:\/\/sites.ecclesia.pt\/loc-mtc\/#\/schema\/logo\/image\/"}},{"@type":"Person","@id":"https:\/\/sites.ecclesia.pt\/loc-mtc\/#\/schema\/person\/8ba13a346b282ac81bddb0740218c156","name":"LOC-MTC","image":{"@type":"ImageObject","inLanguage":"pt-PT","@id":"https:\/\/sites.ecclesia.pt\/loc-mtc\/#\/schema\/person\/image\/","url":"https:\/\/secure.gravatar.com\/avatar\/381f263bbf1376baf59211319cecf05597b65a26b86db6798bf393c99c999ed9?s=96&d=mm&r=g","contentUrl":"https:\/\/secure.gravatar.com\/avatar\/381f263bbf1376baf59211319cecf05597b65a26b86db6798bf393c99c999ed9?s=96&d=mm&r=g","caption":"LOC-MTC"},"sameAs":["http:\/\/www.ecclesia.pt\/loc-mtc"]}]}},"_links":{"self":[{"href":"https:\/\/sites.ecclesia.pt\/loc-mtc\/wp-json\/wp\/v2\/posts\/2818","targetHints":{"allow":["GET"]}}],"collection":[{"href":"https:\/\/sites.ecclesia.pt\/loc-mtc\/wp-json\/wp\/v2\/posts"}],"about":[{"href":"https:\/\/sites.ecclesia.pt\/loc-mtc\/wp-json\/wp\/v2\/types\/post"}],"author":[{"embeddable":true,"href":"https:\/\/sites.ecclesia.pt\/loc-mtc\/wp-json\/wp\/v2\/users\/2"}],"replies":[{"embeddable":true,"href":"https:\/\/sites.ecclesia.pt\/loc-mtc\/wp-json\/wp\/v2\/comments?post=2818"}],"version-history":[{"count":3,"href":"https:\/\/sites.ecclesia.pt\/loc-mtc\/wp-json\/wp\/v2\/posts\/2818\/revisions"}],"predecessor-version":[{"id":2821,"href":"https:\/\/sites.ecclesia.pt\/loc-mtc\/wp-json\/wp\/v2\/posts\/2818\/revisions\/2821"}],"wp:featuredmedia":[{"embeddable":true,"href":"https:\/\/sites.ecclesia.pt\/loc-mtc\/wp-json\/wp\/v2\/media\/2795"}],"wp:attachment":[{"href":"https:\/\/sites.ecclesia.pt\/loc-mtc\/wp-json\/wp\/v2\/media?parent=2818"}],"wp:term":[{"taxonomy":"category","embeddable":true,"href":"https:\/\/sites.ecclesia.pt\/loc-mtc\/wp-json\/wp\/v2\/categories?post=2818"},{"taxonomy":"post_tag","embeddable":true,"href":"https:\/\/sites.ecclesia.pt\/loc-mtc\/wp-json\/wp\/v2\/tags?post=2818"}],"curies":[{"name":"wp","href":"https:\/\/api.w.org\/{rel}","templated":true}]}}