{"id":5,"date":"2018-01-15T00:00:00","date_gmt":"2018-01-15T00:00:00","guid":{"rendered":""},"modified":"2018-02-07T20:12:47","modified_gmt":"2018-02-07T20:12:47","slug":"contatos-e-informacoes","status":"publish","type":"post","link":"https:\/\/sites.ecclesia.pt\/loc-mtc\/contatos-e-informacoes\/","title":{"rendered":"Contatos e informa\u00e7\u00f5es"},"content":{"rendered":"<p>[et_pb_section admin_label=&#8221;section&#8221;]<br \/>\n\t\t[et_pb_row admin_label=&#8221;row&#8221;]<br \/>\n\t\t\t[et_pb_column type=&#8221;4_4&#8243;]<br \/>\n\t\t\t\t[et_pb_text admin_label=&#8221;Text&#8221;]<br \/>\n\t\t\t\t\t<strong>Secretariado Nacional\u00a0da LOC\/MTC<\/strong><\/p>\n<p>Avenida Sid\u00f3nio Pais, 20 &#8211; 4\u00ba Dir 1050-215 LISBOA<\/p>\n<p>Tel. 213\u00a0907\u00a0711 Fax 213 907 711 Telem. 938 441 230<\/p>\n<p>E-mail: <a href=\"mailto:loc@sapo.pt\">loc@sapo.pt<\/a><\/p>\n<p>&nbsp;<\/p>\n<p><strong>Equipa Executiva Nacional<\/strong><\/p>\n<p>Coordenador Nacional &#8211; Jos\u00e9 Augusto Gomes Paix\u00e3o<\/p>\n<p>Rua do Casal Queiroz, lote 3<\/p>\n<p>2350-792 TORRES NOVAS<\/p>\n<p>Telem. 938 441 231;<\/p>\n<p>E-mail: <a href=\"mailto:japaixao@clix.pt\">japaixao@clix.pt<\/a><\/p>\n<p>&nbsp;<\/p>\n<p>Vice-Coordenadora Nacional &#8211; Gl\u00f3ria do Nascimento Fonseca<\/p>\n<p>Av. Miguel Bombarda, 24 &#8211; 2\u00ba. Frente<\/p>\n<p>2745-172 QUELUZ<\/p>\n<p>Telem. 938 441 232<\/p>\n<p>E-mail: <a href=\"mailto:pesescaldados@sapo.pt\">pesescaldados@sapo.pt<\/a><\/p>\n<p>&nbsp;<\/p>\n<p>Assistente Nacional &#8211; Pe. Manuel Oliveira Sim\u00f5es<\/p>\n<p>Avenida Madame Curie, 3 &#8211; 2\u00ba Esq\u00a0\u00a0 1050-215 LISBOA<\/p>\n<p>Telem. 938\u00a0441\u00a0233<\/p>\n<p>E-mail: <a href=\"mailto:p.emanuelvaz@hotmail.com\">mos.p@sapo.pt<\/a><\/p>\n<p>&nbsp;<\/p>\n<p>Secret\u00e1ria Nacional &#8211; Maria Helena Santos Cordeiro<\/p>\n<p>Rua Serra da Lapa, Lote 1807\u00a0\u00a0\u00a0 2975-167 QUINTA DO CONDE<\/p>\n<p>Telem. 933 235\u00a0074<\/p>\n<p>E-mail: <a href=\"mailto:fh5@sapo.pt\">fh5@sapo.pt<\/a><\/p>\n<p>&nbsp;<\/p>\n<p>Secret\u00e1ria \u2013 Am\u00e1lia Peres Fernandes<\/p>\n<p>Cal\u00e7ada da Tapada, 73 \u2013 r\/c \u2013 Esq.<\/p>\n<p>1300-546 LISBOA<\/p>\n<p>Telem:<\/p>\n<p>E-mail:<\/p>\n<p>&nbsp;<\/p>\n<p>Tesoureira Nacional &#8211; Maria Armanda Silva Pinto Teixeira<\/p>\n<p>Rua D. Frei Rodrigo da Cunha, 122 \u2013 3\u00ba Dir<\/p>\n<p>4465-737 LE\u00c7A BALIO<\/p>\n<p>Telem: 963\u00a0679\u00a0330<\/p>\n<p>E-mail:<\/p>\n<p>&nbsp;<\/p>\n<p>&nbsp;<\/p>\n<p>&nbsp;<\/p>\n<p><strong>Equipa Nacional<\/strong><\/p>\n<p>&nbsp;<\/p>\n<p>Coordenador Nacional &#8211; Jos\u00e9 Augusto Gomes Paix\u00e3o<\/p>\n<p>Rua do Casal Queiroz, lote 3<\/p>\n<p>2350-792 TORRES NOVAS<\/p>\n<p>Telem. 938 441 231;<\/p>\n<p>E-mail: <a href=\"mailto:japaixao@clix.pt\">japaixao@clix.pt<\/a><\/p>\n<p>&nbsp;<\/p>\n<p>Vice-Coordenadora Nacional &#8211; Gl\u00f3ria do Nascimento Fonseca<\/p>\n<p>Av. Miguel Bombarda, 24 &#8211; 2\u00ba. Frente<\/p>\n<p>2745-172 QUELUZ<\/p>\n<p>Telem. 938 441 232<\/p>\n<p>E-mail: <a href=\"mailto:pesescaldados@sapo.pt\">pesescaldados@sapo.pt<\/a><\/p>\n<p>&nbsp;<\/p>\n<p>Assistente Nacional &#8211; Pe. Manuel Oliveira Sim\u00f5es<\/p>\n<p>Avenida Madame Curie, 3 &#8211; 2\u00ba Esq\u00a0\u00a0 1050-215 LISBOA<\/p>\n<p>Telem. 938\u00a0441\u00a0233<\/p>\n<p>E-mail: <a href=\"mailto:p.emanuelvaz@hotmail.com\">mos.p@sapo.pt<\/a><\/p>\n<p>&nbsp;<\/p>\n<p>Secret\u00e1ria Nacional &#8211; Maria Helena Santos Cordeiro<\/p>\n<p>Rua Serra da Lapa, Lote 1807\u00a0\u00a0\u00a0 2975-167 QUINTA DO CONDE<\/p>\n<p>Telem. 933 235\u00a0074<\/p>\n<p>E-mail: <a href=\"mailto:fh5@sapo.pt\">fh5@sapo.pt<\/a><\/p>\n<p>&nbsp;<\/p>\n<p>Secret\u00e1ria \u2013 Am\u00e1lia Peres Fernandes<\/p>\n<p>Cal\u00e7ada da Tapada, 73 \u2013 r\/c \u2013 Esq.<\/p>\n<p>1300-546 LISBOA<\/p>\n<p>Telem:<\/p>\n<p>E-mail:<\/p>\n<p>&nbsp;<\/p>\n<p>Tesoureira Nacional &#8211; Maria Armanda Silva Pinto Teixeira<\/p>\n<p>Rua D. Frei Rodrigo da Cunha, 122 \u2013 3\u00ba Dir<\/p>\n<p>4465-737 LE\u00c7A BALIO<\/p>\n<p>Telem: 963\u00a0679\u00a0330<\/p>\n<p>E-mail:<\/p>\n<p>&nbsp;<\/p>\n<p>&nbsp;<\/p>\n<p>Delegada da LOC\/MTC na\u00a0Pastoral Oper\u00e1ria &#8211; Gl\u00f3ria do Nascimento Fonseca<\/p>\n<p>Av. Miguel Bombarda, 24 &#8211; 2\u00ba. Frente 2745-172 QUELUZ<\/p>\n<p>Telem. 938 441\u00a0232<\/p>\n<p>E-mail: <a href=\"mailto:pesescaldados@sapo.pt\">pesescaldados@sapo.pt<\/a><\/p>\n<p>&nbsp;<\/p>\n<p>Delegado da LOC\/MTC no CNAL &#8211; Am\u00e9rico Monteiro<\/p>\n<p>Rua Conde Aurora, 10 &#8211; 2\u00ba H 31 Couteiro &#8211; Lomar<\/p>\n<p>4705-088 BRAGA<\/p>\n<p>Telem.<\/p>\n<p>E-mail: <a href=\"mailto:rosario.mendes@sapo.pt\">americo.monteiro1960@gmail.com<\/a><\/p>\n<p>&nbsp;<\/p>\n<p>Coordenador Diocesano de Aveiro &#8211; Serafim Peneda Rocha Ferreira<\/p>\n<p>Urbaniza\u00e7\u00e3o Setor VI, Lote 21<\/p>\n<p>3800-540 CACIA<br \/>\nTelem: 918 691\u00a0660<\/p>\n<p>E-Mail: <a href=\"mailto:mesquita.joaquim@gmai.com\">speneda@hotmail.com<\/a><\/p>\n<p>&nbsp;<\/p>\n<p>Vice-Coordenadora Diocesana de Aveiro &#8211; Alice Ruela<\/p>\n<p>Rua da Rep\u00fablica, 162<\/p>\n<p>3800-533 CACIA<\/p>\n<p>Telem:<\/p>\n<p>E-mail:<\/p>\n<p>&nbsp;<\/p>\n<p>Assistente Diocesano de Aveiro &#8211; Pe. Lu\u00eds Barbosa Oliveira<\/p>\n<p>Resid\u00eancia Paroquial 3810-089 S. BERNARDO<\/p>\n<p>Telem. 966\u00a0970\u00a0818<\/p>\n<p>E-mail:<\/p>\n<p>&nbsp;<\/p>\n<p>Coordenadora Diocesana de Braga \u2013 Maria F\u00e1tima Moreira Pinto<\/p>\n<p>Rua de Penavila, 339<\/p>\n<p>4765-108 DEL\u00c3ES<\/p>\n<p>Telem:<\/p>\n<p>E-mail:<\/p>\n<p>&nbsp;<\/p>\n<p>Vice-Coordenador Diocesano de Braga &#8211; Francisco Silva Morgado<\/p>\n<p>Rua Visconde de Ru\u00e3es, 38 Mire de Tib\u00e3es<\/p>\n<p>4700-565 BRAGA<\/p>\n<p>Telem: 911 560\u00a0537<\/p>\n<p>E-mail: fmorgado54@gmail.com<\/p>\n<p>&nbsp;<\/p>\n<p>Assistente Diocesano de Braga &#8211; Di\u00e1cono Jos\u00e9 Maria Carneiro Costa<\/p>\n<p>Praceta da Berberia, 72 &#8211; 2\u00ba B &#8211; Edif\u00edcio Palmeira, Bloco 2<\/p>\n<p>4760-869 VN FAMALIC\u00c3O<\/p>\n<p>Telem. 965 445\u00a0129<\/p>\n<p>E-mail: jmariaccosta@gmail.com<\/p>\n<p>&nbsp;<\/p>\n<p>Coordenador Diocesano de Coimbra &#8211; Ricardo Coelho<\/p>\n<p>Rua da Igreja\u00a0\u00a0 3360-053 Figueira de Lorv\u00e3o<br \/>\nTelem: 934 925\u00a0995<\/p>\n<p>E-mail: <a href=\"mailto:ricardoreiscoelho@gmail.com\">ricardoreiscoelho@gmail.com<\/a><\/p>\n<p>&nbsp;<\/p>\n<p>Assistente Diocesano de Coimbra \u2013 Pe. Carlos Alberto Godinho<\/p>\n<p>Rua Dr. Ant\u00f3nio Granjo, 23<\/p>\n<p>3050-225 LUSO<\/p>\n<p>Telem:<\/p>\n<p>E-mail:<\/p>\n<p>&nbsp;<\/p>\n<p>&nbsp;<\/p>\n<p>Coordenadora Diocesana da Guarda &#8211; Maria Alexandrina Brito Alves Duarte<\/p>\n<p>Rua de S. Jos\u00e9,\u00a0Lote 7<\/p>\n<p>6200-124 COVILH\u00c3<\/p>\n<p>Tel. 275\u00a0336\u00a0133;<\/p>\n<p>Email: jmfd@sapo.pt<\/p>\n<p>&nbsp;<\/p>\n<p>Assistente Diocesano da Guarda &#8211; Pe. Joaquim Ant\u00f3nio M Martins<\/p>\n<p>Casa Paroquial<\/p>\n<p>6090-000 ALDEIA DO BISPO PNC<\/p>\n<p>Telem. 966 897\u00a0817<\/p>\n<p>Email: jo.morais@hotmail.com<\/p>\n<p>&nbsp;<\/p>\n<p>Coordenador Diocesano de Lisboa &#8211; Ant\u00f3nio Pereira Sousa Soares<\/p>\n<p>Praceta 1\u00ba Dezembro, 8 R\/C Dir<\/p>\n<p>2675-430 ODIVELAS<\/p>\n<p>Telem. 914 988 601<\/p>\n<p>Email: antoniop.soares@sapo.pt<\/p>\n<p>&nbsp;<\/p>\n<p>Vice-Coordenadora Diocesana de Lisboa &#8211; Anabela Maria M Oliveira<\/p>\n<p>Rua Luis de Cam\u00f5es, 10 &#8211; 1\u00ba Dir<\/p>\n<p>2685-880 SACAVEM<\/p>\n<p>Telem: 939 332\u00a0382<\/p>\n<p>Email: anabela.oliveira1958@gmail.com<\/p>\n<p>&nbsp;<\/p>\n<p>Assistente Diocesano de Lisboa &#8211; Pe. M\u00e1rio Faria Silva<\/p>\n<p>P\u00e1roco de Barcarena &#8211; Largo 5 de Outubro<\/p>\n<p>2730-047 BARCARENA<\/p>\n<p>Telem. 917 882 965<\/p>\n<p>Email: silva.mario.padre@gmail.com<\/p>\n<p>&nbsp;<\/p>\n<p>Coordenadora Diocesana do Porto \u2013 Ad\u00e9lia Fernanda Moreira Lopes<\/p>\n<p>Rua Almeida Garret, 255<\/p>\n<p>4440-017 CAMPO VLG<\/p>\n<p>Telem: 911\u00a0978 854<\/p>\n<p>E-mail: lopesadelia@live.com.pt<\/p>\n<p>&nbsp;<\/p>\n<p>Vice- Coordenador Diocesano do Porto \u2013 Guilherme Maria Alves Costa<\/p>\n<p>Rua Nova de S\u00e1, 59<\/p>\n<p>4410-376 ARCOZELO<\/p>\n<p>Telem: 969\u00a0303 944<\/p>\n<p>E-mail:<\/p>\n<p>&nbsp;<\/p>\n<p>Assistente Diocesano do Porto &#8211; Pe. Jos\u00e9 Manuel Macedo<\/p>\n<p>Resid\u00eancia Paroquial de S. Martinho de Campo<\/p>\n<p>4440-151 CAMPO (Valongo)<\/p>\n<p>Telem. 917\u00a0290\u00a0988 Res. 224\u00a0151\u00a049<\/p>\n<p>E-mail: josemanuelmacedo1957@gmail.com<\/p>\n<p>&nbsp;<\/p>\n<p>Coordenador Diocesano de Santar\u00e9m &#8211;\u00a0Ant\u00f3nio Julio O Martinho<\/p>\n<p>Avenida Manuel Figueiredo, 5 &#8211; 2\u00ba Esq<\/p>\n<p>2350-771 TORRES\u00a0NOVAS<\/p>\n<p>Telem.<\/p>\n<p>E-mail: ajomartinho@gmail.com<\/p>\n<p>&nbsp;<\/p>\n<p>Secret\u00e1ria Diocesana de Santar\u00e9m &#8211;\u00a0Maria Manuela Caetano S. Neves<\/p>\n<p>Rua do Cerrado Grande,\u00a01<\/p>\n<p>2350-483 TORRES NOVAS<\/p>\n<p>Telem. 967 249 106<\/p>\n<p>E-mail: <a href=\"mailto:mms.neves@hotmail.com\">mms.neves@hotmail.com<\/a><\/p>\n<p>&nbsp;<\/p>\n<p>Assistente Diocesano de Santar\u00e9m &#8211; Pe. Luciano Oliveira<\/p>\n<p>Resid\u00eancia Paroquial &#8211; Largo da Pra\u00e7a, 14<\/p>\n<p>2350-230 PEDROG\u00c3O TNV<\/p>\n<p>Telem:<\/p>\n<p>E-mail: pelucianooliveira@sapo.pt<\/p>\n<p>&nbsp;<\/p>\n<p>Coordenadora Diocesana de Set\u00fabal &#8211; Maria Em\u00edlia L\u00e1zaro Louren\u00e7o Castanheira<\/p>\n<p>Rua Serpa Pinto, 32 &#8211; 1\u00ba.<\/p>\n<p>2870-363 MONTIJO<\/p>\n<p>Telem. 918 245\u00a0611<\/p>\n<p>E-mail: <a href=\"mailto:castanheiraemilia@gmail.com\">castanheiraemilia@gmail.com<\/a><\/p>\n<p>&nbsp;<\/p>\n<p>Vice-Coordenador Diocesano de Set\u00fabal &#8211;\u00a0 Jorge Viegas<\/p>\n<p>Rua Gil Vicente, Lote 1466<\/p>\n<p>2975-276 QUINTA DO\u00a0CONDE<\/p>\n<p>Tel: 966 653 837<\/p>\n<p>&nbsp;<\/p>\n<p>Assistente Diocesano de Set\u00fabal &#8211; Pe. Manuel Bernardo Nobre Soares<\/p>\n<p>Igreja Vale de Milha\u00e7os &#8211; Av. Pinhal do Vidal<\/p>\n<p>2855-249 CORROIOS<\/p>\n<p>E-mail: <a href=\"mailto:bernaman@netvisao.pt\">bernaman@netvisao.pt<\/a><\/p>\n<p>&nbsp;<\/p>\n<p><strong>Secretariados\u00a0Diocesanos: <\/strong><\/p>\n<p>&nbsp;<\/p>\n<p>Secretariado Diocesano da LOC\/MTC de Aveiro<\/p>\n<p>Rua C\u00e2ndido dos Reis, 126 A &#8211; Apartado 541<\/p>\n<p>3801-901 AVEIRO<\/p>\n<p>&nbsp;<\/p>\n<p>Secretariado Diocesano da LOC\/MTC de Braga<\/p>\n<p>Rua de S. Domingos, 94 B<\/p>\n<p>4710-435 BRAGA<\/p>\n<p>Tel.\/Fax: 253\u00a0202\u00a0820<\/p>\n<p>E-mail: <a href=\"mailto:loc-diocese-braga@clix.pt\">loc-diocese-braga@clix.pt<\/a><\/p>\n<p>&nbsp;<\/p>\n<p>Secretariado Diocesano da LOC\/MTC do Porto<\/p>\n<p>Rua Arcediago Vanzeller, 50 &#8211; Casa Diocesana de Vilar<\/p>\n<p>4050-621 PORTO<\/p>\n<p>Tel. 226\u00a0056\u00a0018 FAX 226 056 001<\/p>\n<p>E-mail: loc.mtc.porto@seminariodevilar.pt<\/p>\n<p>&nbsp;<\/p>\n<p>Secretariado Diocesano da LOC\/MTC de Lisboa<\/p>\n<p>Pra\u00e7a da Estrela, 12 &#8211; 1\u00ba sala 4<\/p>\n<p>1200-667 LISBOA<\/p>\n<p>Tel. 213\u00a0918\u00a0304<\/p>\n<p>&nbsp;<\/p>\n<p>Secretariado Diocesano da LOC\/MTC de Coimbra<\/p>\n<p>S\u00e9 Nova 3000-218 COIMBRA<\/p>\n<p>E-mail: <a href=\"mailto:loc.coimbra@gmail.com\">loc.coimbra@gmail.com<\/a><\/p>\n<p>&nbsp;<\/p>\n<p>Secretariado Diocesano da LOC\/MTC da Guarda<\/p>\n<p>Centro Cultural e Social da Covilh\u00e3<\/p>\n<p>Rua Not\u00edcias da Covilh\u00e3, 65<\/p>\n<p>6200-137 COVILH\u00c3<\/p>\n<p>Tel. 275\u00a0323\u00a0142<\/p>\n<p>&nbsp;<\/p>\n<p>Restantes Dioceses: Dirigir a correspond\u00eancia para os endere\u00e7os dos Coordenadores Diocesanos (Santar\u00e9m e Set\u00fabal)<br \/>\n\t\t\t\t[\/et_pb_text]<br \/>\n\t\t\t[\/et_pb_column]<br \/>\n\t\t[\/et_pb_row]<br \/>\n\t[\/et_pb_section]<\/p>\n","protected":false},"excerpt":{"rendered":"<p>Secretariado Nacional\u00a0da LOC\/MTC Avenida Sid\u00f3nio Pais, 20 &#8211; 4\u00ba Dir 1050-215 LISBOA Tel. 213\u00a0907\u00a0711 Fax 213 907 711 Telem. 938 441 230 E-mail: loc@sapo.pt &nbsp; Equipa Executiva Nacional Coordenador Nacional &#8211; Jos\u00e9 Augusto Gomes Paix\u00e3o Rua do Casal Queiroz, lote 3 2350-792 TORRES NOVAS Telem. 938 441 231; E-mail: japaixao@clix.pt &nbsp; Vice-Coordenadora Nacional &#8211; Gl\u00f3ria [&hellip;]<\/p>\n","protected":false},"author":1,"featured_media":0,"comment_status":"open","ping_status":"open","sticky":false,"template":"","format":"standard","meta":{"_et_pb_use_builder":"on","_et_pb_old_content":"<strong>Secretariado Nacional\u00a0da LOC\/MTC<\/strong>\r\n\r\nAvenida Sid\u00f3nio Pais, 20 - 4\u00ba Dir 1050-215 LISBOA\r\n\r\nTel. 213\u00a0907\u00a0711 Fax 213 907 711 Telem. 938 441 230\r\n\r\nE-mail: <a href=\"mailto:loc@sapo.pt\">loc@sapo.pt<\/a>\r\n\r\n&nbsp;\r\n\r\n<strong>Equipa Executiva Nacional<\/strong>\r\n\r\nCoordenador Nacional - Jos\u00e9 Augusto Gomes Paix\u00e3o\r\n\r\nRua do Casal Queiroz, lote 3\r\n\r\n2350-792 TORRES NOVAS\r\n\r\nTelem. 938 441 231;\r\n\r\nE-mail: <a href=\"mailto:japaixao@clix.pt\">japaixao@clix.pt<\/a>\r\n\r\n&nbsp;\r\n\r\nVice-Coordenadora Nacional - Gl\u00f3ria do Nascimento Fonseca\r\n\r\nAv. Miguel Bombarda, 24 - 2\u00ba. Frente\r\n\r\n2745-172 QUELUZ\r\n\r\nTelem. 938 441 232\r\n\r\nE-mail: <a href=\"mailto:pesescaldados@sapo.pt\">pesescaldados@sapo.pt<\/a>\r\n\r\n&nbsp;\r\n\r\nAssistente Nacional - Pe. Manuel Oliveira Sim\u00f5es\r\n\r\nAvenida Madame Curie, 3 - 2\u00ba Esq\u00a0\u00a0 1050-215 LISBOA\r\n\r\nTelem. 938\u00a0441\u00a0233\r\n\r\nE-mail: <a href=\"mailto:p.emanuelvaz@hotmail.com\">mos.p@sapo.pt<\/a>\r\n\r\n&nbsp;\r\n\r\nSecret\u00e1ria Nacional - Maria Helena Santos Cordeiro\r\n\r\nRua Serra da Lapa, Lote 1807\u00a0\u00a0\u00a0 2975-167 QUINTA DO CONDE\r\n\r\nTelem. 933 235\u00a0074\r\n\r\nE-mail: <a href=\"mailto:fh5@sapo.pt\">fh5@sapo.pt<\/a>\r\n\r\n&nbsp;\r\n\r\nSecret\u00e1ria \u2013 Am\u00e1lia Peres Fernandes\r\n\r\nCal\u00e7ada da Tapada, 73 \u2013 r\/c \u2013 Esq.\r\n\r\n1300-546 LISBOA\r\n\r\nTelem:\r\n\r\nE-mail:\r\n\r\n&nbsp;\r\n\r\nTesoureira Nacional - Maria Armanda Silva Pinto Teixeira\r\n\r\nRua D. Frei Rodrigo da Cunha, 122 \u2013 3\u00ba Dir\r\n\r\n4465-737 LE\u00c7A BALIO\r\n\r\nTelem: 963\u00a0679\u00a0330\r\n\r\nE-mail:\r\n\r\n&nbsp;\r\n\r\n&nbsp;\r\n\r\n&nbsp;\r\n\r\n<strong>Equipa Nacional<\/strong>\r\n\r\n&nbsp;\r\n\r\nCoordenador Nacional - Jos\u00e9 Augusto Gomes Paix\u00e3o\r\n\r\nRua do Casal Queiroz, lote 3\r\n\r\n2350-792 TORRES NOVAS\r\n\r\nTelem. 938 441 231;\r\n\r\nE-mail: <a href=\"mailto:japaixao@clix.pt\">japaixao@clix.pt<\/a>\r\n\r\n&nbsp;\r\n\r\nVice-Coordenadora Nacional - Gl\u00f3ria do Nascimento Fonseca\r\n\r\nAv. Miguel Bombarda, 24 - 2\u00ba. Frente\r\n\r\n2745-172 QUELUZ\r\n\r\nTelem. 938 441 232\r\n\r\nE-mail: <a href=\"mailto:pesescaldados@sapo.pt\">pesescaldados@sapo.pt<\/a>\r\n\r\n&nbsp;\r\n\r\nAssistente Nacional - Pe. Manuel Oliveira Sim\u00f5es\r\n\r\nAvenida Madame Curie, 3 - 2\u00ba Esq\u00a0\u00a0 1050-215 LISBOA\r\n\r\nTelem. 938\u00a0441\u00a0233\r\n\r\nE-mail: <a href=\"mailto:p.emanuelvaz@hotmail.com\">mos.p@sapo.pt<\/a>\r\n\r\n&nbsp;\r\n\r\nSecret\u00e1ria Nacional - Maria Helena Santos Cordeiro\r\n\r\nRua Serra da Lapa, Lote 1807\u00a0\u00a0\u00a0 2975-167 QUINTA DO CONDE\r\n\r\nTelem. 933 235\u00a0074\r\n\r\nE-mail: <a href=\"mailto:fh5@sapo.pt\">fh5@sapo.pt<\/a>\r\n\r\n&nbsp;\r\n\r\nSecret\u00e1ria \u2013 Am\u00e1lia Peres Fernandes\r\n\r\nCal\u00e7ada da Tapada, 73 \u2013 r\/c \u2013 Esq.\r\n\r\n1300-546 LISBOA\r\n\r\nTelem:\r\n\r\nE-mail:\r\n\r\n&nbsp;\r\n\r\nTesoureira Nacional - Maria Armanda Silva Pinto Teixeira\r\n\r\nRua D. Frei Rodrigo da Cunha, 122 \u2013 3\u00ba Dir\r\n\r\n4465-737 LE\u00c7A BALIO\r\n\r\nTelem: 963\u00a0679\u00a0330\r\n\r\nE-mail:\r\n\r\n&nbsp;\r\n\r\n&nbsp;\r\n\r\nDelegada da LOC\/MTC na\u00a0Pastoral Oper\u00e1ria - Gl\u00f3ria do Nascimento Fonseca\r\n\r\nAv. Miguel Bombarda, 24 - 2\u00ba. Frente 2745-172 QUELUZ\r\n\r\nTelem. 938 441\u00a0232\r\n\r\nE-mail: <a href=\"mailto:pesescaldados@sapo.pt\">pesescaldados@sapo.pt<\/a>\r\n\r\n&nbsp;\r\n\r\nDelegado da LOC\/MTC no CNAL - Am\u00e9rico Monteiro\r\n\r\nRua Conde Aurora, 10 - 2\u00ba H 31 Couteiro - Lomar\r\n\r\n4705-088 BRAGA\r\n\r\nTelem.\r\n\r\nE-mail: <a href=\"mailto:rosario.mendes@sapo.pt\">americo.monteiro1960@gmail.com<\/a>\r\n\r\n&nbsp;\r\n\r\nCoordenador Diocesano de Aveiro - Serafim Peneda Rocha Ferreira\r\n\r\nUrbaniza\u00e7\u00e3o Setor VI, Lote 21\r\n\r\n3800-540 CACIA\r\nTelem: 918 691\u00a0660\r\n\r\nE-Mail: <a href=\"mailto:mesquita.joaquim@gmai.com\">speneda@hotmail.com<\/a>\r\n\r\n&nbsp;\r\n\r\nVice-Coordenadora Diocesana de Aveiro - Alice Ruela\r\n\r\nRua da Rep\u00fablica, 162\r\n\r\n3800-533 CACIA\r\n\r\nTelem:\r\n\r\nE-mail:\r\n\r\n&nbsp;\r\n\r\nAssistente Diocesano de Aveiro - Pe. Lu\u00eds Barbosa Oliveira\r\n\r\nResid\u00eancia Paroquial 3810-089 S. BERNARDO\r\n\r\nTelem. 966\u00a0970\u00a0818\r\n\r\nE-mail:\r\n\r\n&nbsp;\r\n\r\nCoordenadora Diocesana de Braga \u2013 Maria F\u00e1tima Moreira Pinto\r\n\r\nRua de Penavila, 339\r\n\r\n4765-108 DEL\u00c3ES\r\n\r\nTelem:\r\n\r\nE-mail:\r\n\r\n&nbsp;\r\n\r\nVice-Coordenador Diocesano de Braga - Francisco Silva Morgado\r\n\r\nRua Visconde de Ru\u00e3es, 38 Mire de Tib\u00e3es\r\n\r\n4700-565 BRAGA\r\n\r\nTelem: 911 560\u00a0537\r\n\r\nE-mail: fmorgado54@gmail.com\r\n\r\n&nbsp;\r\n\r\nAssistente Diocesano de Braga - Di\u00e1cono Jos\u00e9 Maria Carneiro Costa\r\n\r\nPraceta da Berberia, 72 - 2\u00ba B - Edif\u00edcio Palmeira, Bloco 2\r\n\r\n4760-869 VN FAMALIC\u00c3O\r\n\r\nTelem. 965 445\u00a0129\r\n\r\nE-mail: jmariaccosta@gmail.com\r\n\r\n&nbsp;\r\n\r\nCoordenador Diocesano de Coimbra - Ricardo Coelho\r\n\r\nRua da Igreja\u00a0\u00a0 3360-053 Figueira de Lorv\u00e3o\r\nTelem: 934 925\u00a0995\r\n\r\nE-mail: <a href=\"mailto:ricardoreiscoelho@gmail.com\">ricardoreiscoelho@gmail.com<\/a>\r\n\r\n&nbsp;\r\n\r\nAssistente Diocesano de Coimbra \u2013 Pe. Carlos Alberto Godinho\r\n\r\nRua Dr. Ant\u00f3nio Granjo, 23\r\n\r\n3050-225 LUSO\r\n\r\nTelem:\r\n\r\nE-mail:\r\n\r\n&nbsp;\r\n\r\n&nbsp;\r\n\r\nCoordenadora Diocesana da Guarda - Maria Alexandrina Brito Alves Duarte\r\n\r\nRua de S. Jos\u00e9,\u00a0Lote 7\r\n\r\n6200-124 COVILH\u00c3\r\n\r\nTel. 275\u00a0336\u00a0133;\r\n\r\nEmail: jmfd@sapo.pt\r\n\r\n&nbsp;\r\n\r\nAssistente Diocesano da Guarda - Pe. Joaquim Ant\u00f3nio M Martins\r\n\r\nCasa Paroquial\r\n\r\n6090-000 ALDEIA DO BISPO PNC\r\n\r\nTelem. 966 897\u00a0817\r\n\r\nEmail: jo.morais@hotmail.com\r\n\r\n&nbsp;\r\n\r\nCoordenador Diocesano de Lisboa - Ant\u00f3nio Pereira Sousa Soares\r\n\r\nPraceta 1\u00ba Dezembro, 8 R\/C Dir\r\n\r\n2675-430 ODIVELAS\r\n\r\nTelem. 914 988 601\r\n\r\nEmail: antoniop.soares@sapo.pt\r\n\r\n&nbsp;\r\n\r\nVice-Coordenadora Diocesana de Lisboa - Anabela Maria M Oliveira\r\n\r\nRua Luis de Cam\u00f5es, 10 - 1\u00ba Dir\r\n\r\n2685-880 SACAVEM\r\n\r\nTelem: 939 332\u00a0382\r\n\r\nEmail: anabela.oliveira1958@gmail.com\r\n\r\n&nbsp;\r\n\r\nAssistente Diocesano de Lisboa - Pe. M\u00e1rio Faria Silva\r\n\r\nP\u00e1roco de Barcarena - Largo 5 de Outubro\r\n\r\n2730-047 BARCARENA\r\n\r\nTelem. 917 882 965\r\n\r\nEmail: silva.mario.padre@gmail.com\r\n\r\n&nbsp;\r\n\r\nCoordenadora Diocesana do Porto \u2013 Ad\u00e9lia Fernanda Moreira Lopes\r\n\r\nRua Almeida Garret, 255\r\n\r\n4440-017 CAMPO VLG\r\n\r\nTelem: 911\u00a0978 854\r\n\r\nE-mail: lopesadelia@live.com.pt\r\n\r\n&nbsp;\r\n\r\nVice- Coordenador Diocesano do Porto \u2013 Guilherme Maria Alves Costa\r\n\r\nRua Nova de S\u00e1, 59\r\n\r\n4410-376 ARCOZELO\r\n\r\nTelem: 969\u00a0303 944\r\n\r\nE-mail:\r\n\r\n&nbsp;\r\n\r\nAssistente Diocesano do Porto - Pe. Jos\u00e9 Manuel Macedo\r\n\r\nResid\u00eancia Paroquial de S. Martinho de Campo\r\n\r\n4440-151 CAMPO (Valongo)\r\n\r\nTelem. 917\u00a0290\u00a0988 Res. 224\u00a0151\u00a049\r\n\r\nE-mail: josemanuelmacedo1957@gmail.com\r\n\r\n&nbsp;\r\n\r\nCoordenador Diocesano de Santar\u00e9m -\u00a0Ant\u00f3nio Julio O Martinho\r\n\r\nAvenida Manuel Figueiredo, 5 - 2\u00ba Esq\r\n\r\n2350-771 TORRES\u00a0NOVAS\r\n\r\nTelem.\r\n\r\nE-mail: ajomartinho@gmail.com\r\n\r\n&nbsp;\r\n\r\nSecret\u00e1ria Diocesana de Santar\u00e9m -\u00a0Maria Manuela Caetano S. Neves\r\n\r\nRua do Cerrado Grande,\u00a01\r\n\r\n2350-483 TORRES NOVAS\r\n\r\nTelem. 967 249 106\r\n\r\nE-mail: <a href=\"mailto:mms.neves@hotmail.com\">mms.neves@hotmail.com<\/a>\r\n\r\n&nbsp;\r\n\r\nAssistente Diocesano de Santar\u00e9m - Pe. Luciano Oliveira\r\n\r\nResid\u00eancia Paroquial - Largo da Pra\u00e7a, 14\r\n\r\n2350-230 PEDROG\u00c3O TNV\r\n\r\nTelem:\r\n\r\nE-mail: pelucianooliveira@sapo.pt\r\n\r\n&nbsp;\r\n\r\nCoordenadora Diocesana de Set\u00fabal - Maria Em\u00edlia L\u00e1zaro Louren\u00e7o Castanheira\r\n\r\nRua Serpa Pinto, 32 - 1\u00ba.\r\n\r\n2870-363 MONTIJO\r\n\r\nTelem. 918 245\u00a0611\r\n\r\nE-mail: <a href=\"mailto:castanheiraemilia@gmail.com\">castanheiraemilia@gmail.com<\/a>\r\n\r\n&nbsp;\r\n\r\nVice-Coordenador Diocesano de Set\u00fabal -\u00a0 Jorge Viegas\r\n\r\nRua Gil Vicente, Lote 1466\r\n\r\n2975-276 QUINTA DO\u00a0CONDE\r\n\r\nTel: 966 653 837\r\n\r\n&nbsp;\r\n\r\nAssistente Diocesano de Set\u00fabal - Pe. Manuel Bernardo Nobre Soares\r\n\r\nIgreja Vale de Milha\u00e7os - Av. Pinhal do Vidal\r\n\r\n2855-249 CORROIOS\r\n\r\nE-mail: <a href=\"mailto:bernaman@netvisao.pt\">bernaman@netvisao.pt<\/a>\r\n\r\n&nbsp;\r\n\r\n<strong>Secretariados\u00a0Diocesanos: <\/strong>\r\n\r\n&nbsp;\r\n\r\nSecretariado Diocesano da LOC\/MTC de Aveiro\r\n\r\nRua C\u00e2ndido dos Reis, 126 A - Apartado 541\r\n\r\n3801-901 AVEIRO\r\n\r\n&nbsp;\r\n\r\nSecretariado Diocesano da LOC\/MTC de Braga\r\n\r\nRua de S. Domingos, 94 B\r\n\r\n4710-435 BRAGA\r\n\r\nTel.\/Fax: 253\u00a0202\u00a0820\r\n\r\nE-mail: <a href=\"mailto:loc-diocese-braga@clix.pt\">loc-diocese-braga@clix.pt<\/a>\r\n\r\n&nbsp;\r\n\r\nSecretariado Diocesano da LOC\/MTC do Porto\r\n\r\nRua Arcediago Vanzeller, 50 - Casa Diocesana de Vilar\r\n\r\n4050-621 PORTO\r\n\r\nTel. 226\u00a0056\u00a0018 FAX 226 056 001\r\n\r\nE-mail: loc.mtc.porto@seminariodevilar.pt\r\n\r\n&nbsp;\r\n\r\nSecretariado Diocesano da LOC\/MTC de Lisboa\r\n\r\nPra\u00e7a da Estrela, 12 - 1\u00ba sala 4\r\n\r\n1200-667 LISBOA\r\n\r\nTel. 213\u00a0918\u00a0304\r\n\r\n&nbsp;\r\n\r\nSecretariado Diocesano da LOC\/MTC de Coimbra\r\n\r\nS\u00e9 Nova 3000-218 COIMBRA\r\n\r\nE-mail: <a href=\"mailto:loc.coimbra@gmail.com\">loc.coimbra@gmail.com<\/a>\r\n\r\n&nbsp;\r\n\r\nSecretariado Diocesano da LOC\/MTC da Guarda\r\n\r\nCentro Cultural e Social da Covilh\u00e3\r\n\r\nRua Not\u00edcias da Covilh\u00e3, 65\r\n\r\n6200-137 COVILH\u00c3\r\n\r\nTel. 275\u00a0323\u00a0142\r\n\r\n&nbsp;\r\n\r\nRestantes Dioceses: Dirigir a correspond\u00eancia para os endere\u00e7os dos Coordenadores Diocesanos (Santar\u00e9m e Set\u00fabal)","_et_gb_content_width":"","footnotes":""},"categories":[25,2],"tags":[],"class_list":["post-5","post","type-post","status-publish","format-standard","hentry","category-contatos","category-noticias"],"yoast_head":"<!-- This site is optimized with the Yoast SEO plugin v26.9 - https:\/\/yoast.com\/product\/yoast-seo-wordpress\/ -->\n<title>Contatos e informa\u00e7\u00f5es - LOC-MTC<\/title>\n<meta name=\"robots\" content=\"index, follow, max-snippet:-1, max-image-preview:large, max-video-preview:-1\" \/>\n<link rel=\"canonical\" href=\"https:\/\/sites.ecclesia.pt\/loc-mtc\/contatos-e-informacoes\/\" \/>\n<meta property=\"og:locale\" content=\"pt_PT\" \/>\n<meta property=\"og:type\" content=\"article\" \/>\n<meta property=\"og:title\" content=\"Contatos e informa\u00e7\u00f5es - LOC-MTC\" \/>\n<meta property=\"og:description\" content=\"Secretariado Nacional\u00a0da LOC\/MTC Avenida Sid\u00f3nio Pais, 20 - 4\u00ba Dir 1050-215 LISBOA Tel. 213\u00a0907\u00a0711 Fax 213 907 711 Telem. 938 441 230 E-mail: loc@sapo.pt &nbsp; Equipa Executiva Nacional Coordenador Nacional - Jos\u00e9 Augusto Gomes Paix\u00e3o Rua do Casal Queiroz, lote 3 2350-792 TORRES NOVAS Telem. 938 441 231; E-mail: japaixao@clix.pt &nbsp; Vice-Coordenadora Nacional - Gl\u00f3ria [&hellip;]\" \/>\n<meta property=\"og:url\" content=\"https:\/\/sites.ecclesia.pt\/loc-mtc\/contatos-e-informacoes\/\" \/>\n<meta property=\"og:site_name\" content=\"LOC-MTC\" \/>\n<meta property=\"article:published_time\" content=\"2018-01-15T00:00:00+00:00\" \/>\n<meta property=\"article:modified_time\" content=\"2018-02-07T20:12:47+00:00\" \/>\n<meta name=\"author\" content=\"admin1\" \/>\n<meta name=\"twitter:card\" content=\"summary_large_image\" \/>\n<meta name=\"twitter:label1\" content=\"Escrito por\" \/>\n\t<meta name=\"twitter:data1\" content=\"admin1\" \/>\n\t<meta name=\"twitter:label2\" content=\"Tempo estimado de leitura\" \/>\n\t<meta name=\"twitter:data2\" content=\"5 minutos\" \/>\n<script type=\"application\/ld+json\" class=\"yoast-schema-graph\">{\"@context\":\"https:\/\/schema.org\",\"@graph\":[{\"@type\":\"Article\",\"@id\":\"https:\/\/sites.ecclesia.pt\/loc-mtc\/contatos-e-informacoes\/#article\",\"isPartOf\":{\"@id\":\"https:\/\/sites.ecclesia.pt\/loc-mtc\/contatos-e-informacoes\/\"},\"author\":{\"name\":\"admin1\",\"@id\":\"https:\/\/sites.ecclesia.pt\/loc-mtc\/#\/schema\/person\/c246d41b85624d295a3e2baf4ec4fb20\"},\"headline\":\"Contatos e informa\u00e7\u00f5es\",\"datePublished\":\"2018-01-15T00:00:00+00:00\",\"dateModified\":\"2018-02-07T20:12:47+00:00\",\"mainEntityOfPage\":{\"@id\":\"https:\/\/sites.ecclesia.pt\/loc-mtc\/contatos-e-informacoes\/\"},\"wordCount\":1033,\"commentCount\":0,\"publisher\":{\"@id\":\"https:\/\/sites.ecclesia.pt\/loc-mtc\/#organization\"},\"articleSection\":[\"Contatos\",\"Not\u00edcias\"],\"inLanguage\":\"pt-PT\",\"potentialAction\":[{\"@type\":\"CommentAction\",\"name\":\"Comment\",\"target\":[\"https:\/\/sites.ecclesia.pt\/loc-mtc\/contatos-e-informacoes\/#respond\"]}]},{\"@type\":\"WebPage\",\"@id\":\"https:\/\/sites.ecclesia.pt\/loc-mtc\/contatos-e-informacoes\/\",\"url\":\"https:\/\/sites.ecclesia.pt\/loc-mtc\/contatos-e-informacoes\/\",\"name\":\"Contatos e informa\u00e7\u00f5es - LOC-MTC\",\"isPartOf\":{\"@id\":\"https:\/\/sites.ecclesia.pt\/loc-mtc\/#website\"},\"datePublished\":\"2018-01-15T00:00:00+00:00\",\"dateModified\":\"2018-02-07T20:12:47+00:00\",\"breadcrumb\":{\"@id\":\"https:\/\/sites.ecclesia.pt\/loc-mtc\/contatos-e-informacoes\/#breadcrumb\"},\"inLanguage\":\"pt-PT\",\"potentialAction\":[{\"@type\":\"ReadAction\",\"target\":[\"https:\/\/sites.ecclesia.pt\/loc-mtc\/contatos-e-informacoes\/\"]}]},{\"@type\":\"BreadcrumbList\",\"@id\":\"https:\/\/sites.ecclesia.pt\/loc-mtc\/contatos-e-informacoes\/#breadcrumb\",\"itemListElement\":[{\"@type\":\"ListItem\",\"position\":1,\"name\":\"Home\",\"item\":\"https:\/\/sites.ecclesia.pt\/loc-mtc\/\"},{\"@type\":\"ListItem\",\"position\":2,\"name\":\"Contatos e informa\u00e7\u00f5es\"}]},{\"@type\":\"WebSite\",\"@id\":\"https:\/\/sites.ecclesia.pt\/loc-mtc\/#website\",\"url\":\"https:\/\/sites.ecclesia.pt\/loc-mtc\/\",\"name\":\"LOC-MTC\",\"description\":\"Liga Oper\u00e1ria Cat\u00f3lica \u2013 Movimento de Trabalhadores Crist\u00e3os\",\"publisher\":{\"@id\":\"https:\/\/sites.ecclesia.pt\/loc-mtc\/#organization\"},\"potentialAction\":[{\"@type\":\"SearchAction\",\"target\":{\"@type\":\"EntryPoint\",\"urlTemplate\":\"https:\/\/sites.ecclesia.pt\/loc-mtc\/?s={search_term_string}\"},\"query-input\":{\"@type\":\"PropertyValueSpecification\",\"valueRequired\":true,\"valueName\":\"search_term_string\"}}],\"inLanguage\":\"pt-PT\"},{\"@type\":\"Organization\",\"@id\":\"https:\/\/sites.ecclesia.pt\/loc-mtc\/#organization\",\"name\":\"LOC\/MTC - Liga Oper\u00e1ria Cat\u00f3lica\/Movimento dos Trabalhadores Crist\u00e3os\",\"alternateName\":\"LOC\/MTC\",\"url\":\"https:\/\/sites.ecclesia.pt\/loc-mtc\/\",\"logo\":{\"@type\":\"ImageObject\",\"inLanguage\":\"pt-PT\",\"@id\":\"https:\/\/sites.ecclesia.pt\/loc-mtc\/#\/schema\/logo\/image\/\",\"url\":\"https:\/\/sites.ecclesia.pt\/loc-mtc\/wp-content\/uploads\/2021\/07\/loc-mtc-fb.jpg\",\"contentUrl\":\"https:\/\/sites.ecclesia.pt\/loc-mtc\/wp-content\/uploads\/2021\/07\/loc-mtc-fb.jpg\",\"width\":583,\"height\":552,\"caption\":\"LOC\/MTC - Liga Oper\u00e1ria Cat\u00f3lica\/Movimento dos Trabalhadores Crist\u00e3os\"},\"image\":{\"@id\":\"https:\/\/sites.ecclesia.pt\/loc-mtc\/#\/schema\/logo\/image\/\"}},{\"@type\":\"Person\",\"@id\":\"https:\/\/sites.ecclesia.pt\/loc-mtc\/#\/schema\/person\/c246d41b85624d295a3e2baf4ec4fb20\",\"name\":\"admin1\",\"image\":{\"@type\":\"ImageObject\",\"inLanguage\":\"pt-PT\",\"@id\":\"https:\/\/sites.ecclesia.pt\/loc-mtc\/#\/schema\/person\/image\/\",\"url\":\"https:\/\/secure.gravatar.com\/avatar\/5054571ff5d2454cd50657fc4e61d0c32d7a5d0d3b36ef6c0f6e269276d13618?s=96&d=mm&r=g\",\"contentUrl\":\"https:\/\/secure.gravatar.com\/avatar\/5054571ff5d2454cd50657fc4e61d0c32d7a5d0d3b36ef6c0f6e269276d13618?s=96&d=mm&r=g\",\"caption\":\"admin1\"}}]}<\/script>\n<!-- \/ Yoast SEO plugin. -->","yoast_head_json":{"title":"Contatos e informa\u00e7\u00f5es - LOC-MTC","robots":{"index":"index","follow":"follow","max-snippet":"max-snippet:-1","max-image-preview":"max-image-preview:large","max-video-preview":"max-video-preview:-1"},"canonical":"https:\/\/sites.ecclesia.pt\/loc-mtc\/contatos-e-informacoes\/","og_locale":"pt_PT","og_type":"article","og_title":"Contatos e informa\u00e7\u00f5es - LOC-MTC","og_description":"Secretariado Nacional\u00a0da LOC\/MTC Avenida Sid\u00f3nio Pais, 20 - 4\u00ba Dir 1050-215 LISBOA Tel. 213\u00a0907\u00a0711 Fax 213 907 711 Telem. 938 441 230 E-mail: loc@sapo.pt &nbsp; Equipa Executiva Nacional Coordenador Nacional - Jos\u00e9 Augusto Gomes Paix\u00e3o Rua do Casal Queiroz, lote 3 2350-792 TORRES NOVAS Telem. 938 441 231; E-mail: japaixao@clix.pt &nbsp; Vice-Coordenadora Nacional - Gl\u00f3ria [&hellip;]","og_url":"https:\/\/sites.ecclesia.pt\/loc-mtc\/contatos-e-informacoes\/","og_site_name":"LOC-MTC","article_published_time":"2018-01-15T00:00:00+00:00","article_modified_time":"2018-02-07T20:12:47+00:00","author":"admin1","twitter_card":"summary_large_image","twitter_misc":{"Escrito por":"admin1","Tempo estimado de leitura":"5 minutos"},"schema":{"@context":"https:\/\/schema.org","@graph":[{"@type":"Article","@id":"https:\/\/sites.ecclesia.pt\/loc-mtc\/contatos-e-informacoes\/#article","isPartOf":{"@id":"https:\/\/sites.ecclesia.pt\/loc-mtc\/contatos-e-informacoes\/"},"author":{"name":"admin1","@id":"https:\/\/sites.ecclesia.pt\/loc-mtc\/#\/schema\/person\/c246d41b85624d295a3e2baf4ec4fb20"},"headline":"Contatos e informa\u00e7\u00f5es","datePublished":"2018-01-15T00:00:00+00:00","dateModified":"2018-02-07T20:12:47+00:00","mainEntityOfPage":{"@id":"https:\/\/sites.ecclesia.pt\/loc-mtc\/contatos-e-informacoes\/"},"wordCount":1033,"commentCount":0,"publisher":{"@id":"https:\/\/sites.ecclesia.pt\/loc-mtc\/#organization"},"articleSection":["Contatos","Not\u00edcias"],"inLanguage":"pt-PT","potentialAction":[{"@type":"CommentAction","name":"Comment","target":["https:\/\/sites.ecclesia.pt\/loc-mtc\/contatos-e-informacoes\/#respond"]}]},{"@type":"WebPage","@id":"https:\/\/sites.ecclesia.pt\/loc-mtc\/contatos-e-informacoes\/","url":"https:\/\/sites.ecclesia.pt\/loc-mtc\/contatos-e-informacoes\/","name":"Contatos e informa\u00e7\u00f5es - LOC-MTC","isPartOf":{"@id":"https:\/\/sites.ecclesia.pt\/loc-mtc\/#website"},"datePublished":"2018-01-15T00:00:00+00:00","dateModified":"2018-02-07T20:12:47+00:00","breadcrumb":{"@id":"https:\/\/sites.ecclesia.pt\/loc-mtc\/contatos-e-informacoes\/#breadcrumb"},"inLanguage":"pt-PT","potentialAction":[{"@type":"ReadAction","target":["https:\/\/sites.ecclesia.pt\/loc-mtc\/contatos-e-informacoes\/"]}]},{"@type":"BreadcrumbList","@id":"https:\/\/sites.ecclesia.pt\/loc-mtc\/contatos-e-informacoes\/#breadcrumb","itemListElement":[{"@type":"ListItem","position":1,"name":"Home","item":"https:\/\/sites.ecclesia.pt\/loc-mtc\/"},{"@type":"ListItem","position":2,"name":"Contatos e informa\u00e7\u00f5es"}]},{"@type":"WebSite","@id":"https:\/\/sites.ecclesia.pt\/loc-mtc\/#website","url":"https:\/\/sites.ecclesia.pt\/loc-mtc\/","name":"LOC-MTC","description":"Liga Oper\u00e1ria Cat\u00f3lica \u2013 Movimento de Trabalhadores Crist\u00e3os","publisher":{"@id":"https:\/\/sites.ecclesia.pt\/loc-mtc\/#organization"},"potentialAction":[{"@type":"SearchAction","target":{"@type":"EntryPoint","urlTemplate":"https:\/\/sites.ecclesia.pt\/loc-mtc\/?s={search_term_string}"},"query-input":{"@type":"PropertyValueSpecification","valueRequired":true,"valueName":"search_term_string"}}],"inLanguage":"pt-PT"},{"@type":"Organization","@id":"https:\/\/sites.ecclesia.pt\/loc-mtc\/#organization","name":"LOC\/MTC - Liga Oper\u00e1ria Cat\u00f3lica\/Movimento dos Trabalhadores Crist\u00e3os","alternateName":"LOC\/MTC","url":"https:\/\/sites.ecclesia.pt\/loc-mtc\/","logo":{"@type":"ImageObject","inLanguage":"pt-PT","@id":"https:\/\/sites.ecclesia.pt\/loc-mtc\/#\/schema\/logo\/image\/","url":"https:\/\/sites.ecclesia.pt\/loc-mtc\/wp-content\/uploads\/2021\/07\/loc-mtc-fb.jpg","contentUrl":"https:\/\/sites.ecclesia.pt\/loc-mtc\/wp-content\/uploads\/2021\/07\/loc-mtc-fb.jpg","width":583,"height":552,"caption":"LOC\/MTC - Liga Oper\u00e1ria Cat\u00f3lica\/Movimento dos Trabalhadores Crist\u00e3os"},"image":{"@id":"https:\/\/sites.ecclesia.pt\/loc-mtc\/#\/schema\/logo\/image\/"}},{"@type":"Person","@id":"https:\/\/sites.ecclesia.pt\/loc-mtc\/#\/schema\/person\/c246d41b85624d295a3e2baf4ec4fb20","name":"admin1","image":{"@type":"ImageObject","inLanguage":"pt-PT","@id":"https:\/\/sites.ecclesia.pt\/loc-mtc\/#\/schema\/person\/image\/","url":"https:\/\/secure.gravatar.com\/avatar\/5054571ff5d2454cd50657fc4e61d0c32d7a5d0d3b36ef6c0f6e269276d13618?s=96&d=mm&r=g","contentUrl":"https:\/\/secure.gravatar.com\/avatar\/5054571ff5d2454cd50657fc4e61d0c32d7a5d0d3b36ef6c0f6e269276d13618?s=96&d=mm&r=g","caption":"admin1"}}]}},"_links":{"self":[{"href":"https:\/\/sites.ecclesia.pt\/loc-mtc\/wp-json\/wp\/v2\/posts\/5","targetHints":{"allow":["GET"]}}],"collection":[{"href":"https:\/\/sites.ecclesia.pt\/loc-mtc\/wp-json\/wp\/v2\/posts"}],"about":[{"href":"https:\/\/sites.ecclesia.pt\/loc-mtc\/wp-json\/wp\/v2\/types\/post"}],"author":[{"embeddable":true,"href":"https:\/\/sites.ecclesia.pt\/loc-mtc\/wp-json\/wp\/v2\/users\/1"}],"replies":[{"embeddable":true,"href":"https:\/\/sites.ecclesia.pt\/loc-mtc\/wp-json\/wp\/v2\/comments?post=5"}],"version-history":[{"count":7,"href":"https:\/\/sites.ecclesia.pt\/loc-mtc\/wp-json\/wp\/v2\/posts\/5\/revisions"}],"predecessor-version":[{"id":1893,"href":"https:\/\/sites.ecclesia.pt\/loc-mtc\/wp-json\/wp\/v2\/posts\/5\/revisions\/1893"}],"wp:attachment":[{"href":"https:\/\/sites.ecclesia.pt\/loc-mtc\/wp-json\/wp\/v2\/media?parent=5"}],"wp:term":[{"taxonomy":"category","embeddable":true,"href":"https:\/\/sites.ecclesia.pt\/loc-mtc\/wp-json\/wp\/v2\/categories?post=5"},{"taxonomy":"post_tag","embeddable":true,"href":"https:\/\/sites.ecclesia.pt\/loc-mtc\/wp-json\/wp\/v2\/tags?post=5"}],"curies":[{"name":"wp","href":"https:\/\/api.w.org\/{rel}","templated":true}]}}