{"id":16,"date":"2012-03-09T00:00:00","date_gmt":"2012-03-09T00:00:00","guid":{"rendered":"http:\/\/sites.ecclesia.pt\/maac\/2012\/03\/09\/encontro-nacional-de-criancas-e-adolescentes\/"},"modified":"2020-01-03T14:42:07","modified_gmt":"2020-01-03T14:42:07","slug":"encontro-nacional-de-criancas-e-adolescentes","status":"publish","type":"post","link":"https:\/\/sites.ecclesia.pt\/maac\/2012\/03\/09\/encontro-nacional-de-criancas-e-adolescentes\/","title":{"rendered":"ENCA 2012"},"content":{"rendered":"<p>ENCA- Encontro Nacional de Crian\u00e7as e Adolescentes &#8211; 25 Mar\u00e7o 2012, Coimbra<\/p>\n<p>(Instituto do Sagrado Cora\u00e7\u00e3o -Dehonianos)<\/p>\n<p><img loading=\"lazy\" decoding=\"async\" title=\"ENCA 2012\" src=\"https:\/\/sites.ecclesia.pt\/maac\/wp-content\/uploads\/2012\/03\/convite-enca-2012-1.jpg\" alt=\"Convite ENCA 2012\" width=\"658\" height=\"476\" border=\"0\" \/><\/p>\n<p>Aqui est\u00e1 o programa e a inscri\u00e7\u00e3o! No teu grupo de MAAC receber\u00e1s mais informa\u00e7\u00f5es!<\/p>\n<p><img loading=\"lazy\" decoding=\"async\" title=\"ENCA 2012 au\" src=\"https:\/\/sites.ecclesia.pt\/maac\/wp-content\/uploads\/2012\/03\/convite-enca-2012-2.jpg\" alt=\"Convite ENCA 2012 (autoriza\u00e7\u00e3o)\" width=\"658\" height=\"476\" border=\"0\" \/><\/p>\n","protected":false},"excerpt":{"rendered":"<p>ENCA- Encontro Nacional de Crian\u00e7as e Adolescentes &#8211; 25 Mar\u00e7o 2012, Coimbra (Instituto do Sagrado Cora\u00e7\u00e3o -Dehonianos) Aqui est\u00e1 o programa e a inscri\u00e7\u00e3o! No teu grupo de MAAC receber\u00e1s mais informa\u00e7\u00f5es!<\/p>\n","protected":false},"author":1,"featured_media":14,"comment_status":"open","ping_status":"open","sticky":false,"template":"","format":"standard","meta":{"_et_pb_use_builder":"","_et_pb_old_content":"","_et_gb_content_width":"","footnotes":""},"categories":[22],"tags":[],"class_list":["post-16","post","type-post","status-publish","format-standard","has-post-thumbnail","hentry","category-noticias"],"_links":{"self":[{"href":"https:\/\/sites.ecclesia.pt\/maac\/wp-json\/wp\/v2\/posts\/16","targetHints":{"allow":["GET"]}}],"collection":[{"href":"https:\/\/sites.ecclesia.pt\/maac\/wp-json\/wp\/v2\/posts"}],"about":[{"href":"https:\/\/sites.ecclesia.pt\/maac\/wp-json\/wp\/v2\/types\/post"}],"author":[{"embeddable":true,"href":"https:\/\/sites.ecclesia.pt\/maac\/wp-json\/wp\/v2\/users\/1"}],"replies":[{"embeddable":true,"href":"https:\/\/sites.ecclesia.pt\/maac\/wp-json\/wp\/v2\/comments?post=16"}],"version-history":[{"count":2,"href":"https:\/\/sites.ecclesia.pt\/maac\/wp-json\/wp\/v2\/posts\/16\/revisions"}],"predecessor-version":[{"id":171,"href":"https:\/\/sites.ecclesia.pt\/maac\/wp-json\/wp\/v2\/posts\/16\/revisions\/171"}],"wp:featuredmedia":[{"embeddable":true,"href":"https:\/\/sites.ecclesia.pt\/maac\/wp-json\/wp\/v2\/media\/14"}],"wp:attachment":[{"href":"https:\/\/sites.ecclesia.pt\/maac\/wp-json\/wp\/v2\/media?parent=16"}],"wp:term":[{"taxonomy":"category","embeddable":true,"href":"https:\/\/sites.ecclesia.pt\/maac\/wp-json\/wp\/v2\/categories?post=16"},{"taxonomy":"post_tag","embeddable":true,"href":"https:\/\/sites.ecclesia.pt\/maac\/wp-json\/wp\/v2\/tags?post=16"}],"curies":[{"name":"wp","href":"https:\/\/api.w.org\/{rel}","templated":true}]}}