{"id":18,"date":"2011-06-26T15:58:24","date_gmt":"2011-06-26T15:58:24","guid":{"rendered":"http:\/\/sites.ecclesia.pt\/maac\/2011\/06\/26\/o-maac-vai-realizar-a-13o-assembleia-nacional\/"},"modified":"2020-01-03T14:43:28","modified_gmt":"2020-01-03T14:43:28","slug":"o-maac-vai-realizar-a-13o-assembleia-nacional","status":"publish","type":"post","link":"https:\/\/sites.ecclesia.pt\/maac\/2011\/06\/26\/o-maac-vai-realizar-a-13o-assembleia-nacional\/","title":{"rendered":"O MAAC realizou a 13\u00aa Assembleia Nacional"},"content":{"rendered":"<p>O MAAC, Movimento de Apostolado de Adolescentes e Crian\u00e7as, realizou a 13\u00aa Assembleia Nacional, nos dias 2 e 3 de Julho em Torres \u00a0Novas na Casa de S. Jos\u00e9 de Cluny.<\/p>\n<p>Para al\u00e9m da aprova\u00e7\u00e3o do Plano de Actividades para o tri\u00e9nio 2011\/2014 foi a elei\u00e7\u00e3o da nova Equipa Executiva Nacional. Tamb\u00e9m tivemos no Domingo \u00e0 tarde a apresenta\u00e7\u00e3o do ponto da situa\u00e7\u00e3o da \u00a0 pesquisa feita pela equipa de trabalho do livro da Hist\u00f3ria do MAAC, \u00a0com o Dr. Paulo Fontes e o Dr. Nuno Estev\u00e3o da Universidade Cat\u00f3lica e \u00a0 \u00a0a Carla Santos e o Pe Emanuel Vaz pelo MAAC.<\/p>\n<p>Uma outra novidade foi a participa\u00e7\u00e3o dos delegados dos grupos de \u00a0crian\u00e7as e adolescentes com pleno direito de igualdade com os \u00a0acompanhantes nesta Assembleia Nacional.<\/p>\n<p>\u00c9 importante que cada vez mais as crian\u00e7as e adolescentes assumam o seu Movimento em conjunto com os seus acompanhantes, \u00e9 o assumir o MAAC como movimento de crian\u00e7as e adolescentes.<\/p>\n<p><em>MAAC Nacional<\/em><\/p>\n","protected":false},"excerpt":{"rendered":"<p>O MAAC, Movimento de Apostolado de Adolescentes e Crian\u00e7as, realizou a 13\u00aa Assembleia Nacional, nos dias 2 e 3 de Julho em Torres \u00a0Novas na Casa de S. Jos\u00e9 de Cluny. Para al\u00e9m da aprova\u00e7\u00e3o do Plano de Actividades para o tri\u00e9nio 2011\/2014 foi a elei\u00e7\u00e3o da nova Equipa Executiva Nacional. Tamb\u00e9m tivemos no Domingo [&hellip;]<\/p>\n","protected":false},"author":1,"featured_media":0,"comment_status":"open","ping_status":"open","sticky":false,"template":"","format":"standard","meta":{"_et_pb_use_builder":"","_et_pb_old_content":"","_et_gb_content_width":"","footnotes":""},"categories":[22],"tags":[],"class_list":["post-18","post","type-post","status-publish","format-standard","hentry","category-noticias"],"_links":{"self":[{"href":"https:\/\/sites.ecclesia.pt\/maac\/wp-json\/wp\/v2\/posts\/18","targetHints":{"allow":["GET"]}}],"collection":[{"href":"https:\/\/sites.ecclesia.pt\/maac\/wp-json\/wp\/v2\/posts"}],"about":[{"href":"https:\/\/sites.ecclesia.pt\/maac\/wp-json\/wp\/v2\/types\/post"}],"author":[{"embeddable":true,"href":"https:\/\/sites.ecclesia.pt\/maac\/wp-json\/wp\/v2\/users\/1"}],"replies":[{"embeddable":true,"href":"https:\/\/sites.ecclesia.pt\/maac\/wp-json\/wp\/v2\/comments?post=18"}],"version-history":[{"count":2,"href":"https:\/\/sites.ecclesia.pt\/maac\/wp-json\/wp\/v2\/posts\/18\/revisions"}],"predecessor-version":[{"id":176,"href":"https:\/\/sites.ecclesia.pt\/maac\/wp-json\/wp\/v2\/posts\/18\/revisions\/176"}],"wp:attachment":[{"href":"https:\/\/sites.ecclesia.pt\/maac\/wp-json\/wp\/v2\/media?parent=18"}],"wp:term":[{"taxonomy":"category","embeddable":true,"href":"https:\/\/sites.ecclesia.pt\/maac\/wp-json\/wp\/v2\/categories?post=18"},{"taxonomy":"post_tag","embeddable":true,"href":"https:\/\/sites.ecclesia.pt\/maac\/wp-json\/wp\/v2\/tags?post=18"}],"curies":[{"name":"wp","href":"https:\/\/api.w.org\/{rel}","templated":true}]}}