{"id":19,"date":"2011-05-19T00:00:00","date_gmt":"2011-05-19T00:00:00","guid":{"rendered":"http:\/\/sites.ecclesia.pt\/maac\/2011\/05\/19\/comunicado-sobre-o-bullying\/"},"modified":"2020-01-03T14:45:55","modified_gmt":"2020-01-03T14:45:55","slug":"comunicado-sobre-o-bullying","status":"publish","type":"post","link":"https:\/\/sites.ecclesia.pt\/maac\/2011\/05\/19\/comunicado-sobre-o-bullying\/","title":{"rendered":"COMUNICADO sobre o Bullying"},"content":{"rendered":"<p>No S\u00e1bado, 15 de Maio, realizou-se no Semin\u00e1rio Maior em Coimbra o II Encontro Nacional de Delgados\u00a0 de crian\u00e7as e adolescentes do MAAC, Movimento de Apostolado de Adolescentes e Crian\u00e7as.<\/p>\n<p><!--more--><\/p>\n<p>Este Encontro teve como tema principal o Bullying e integra-se no lema nacional, \u201cAgir, o click que te faz bulir\u201d. Contou com a presen\u00e7a dos delegados das Dioceses de Aveiro, Braga, Coimbra, Lisboa, Porto, Santar\u00e9m e Set\u00fabal. O Funchal e Angra contribu\u00edram com o envio de power-point e informa\u00e7\u00f5es dos grupos.<\/p>\n<p>O bullying, embora j\u00e1 seja um tema abordado normalmente pelo MAAC, foi refor\u00e7ado pelos casos apresentados pela comunica\u00e7\u00e3o social.<\/p>\n<p>Iniciamos o Encontro com uma ora\u00e7\u00e3o e apresenta\u00e7\u00e3o dos delegados.<\/p>\n<p>De seguida fez-se uma ca\u00e7a ao tesouro procurando os resumos das actividades que os grupos nestes \u00faltimos tempos fizeram sobre a amizade, a viol\u00eancia, o bullying.<\/p>\n<p>Seguidamente foram apresentados v\u00eddeos com entrevistas feitas a colegas sobre exist\u00eancia do bullying na escola e no meio e quais as causas e solu\u00e7\u00f5es.<\/p>\n<p>Das entrevistas foi real\u00e7ado a exist\u00eancia de bullying, em especial nas ruas, por causa de jogos a dinheiro, os problemas de casa, o chamar nomes, o bater, o gozar, a irrita\u00e7\u00e3o, a falta de di\u00e1logo e os programas violentos. Muitas vezes por inveja e querer ser o her\u00f3i.<\/p>\n<p>De tarde foi continuada a reflex\u00e3o onde se aprofundaram as causas do bullying e a consequ\u00eancias, destacando ainda a exist\u00eancia de egocentrismo, o racismo, a falta de educa\u00e7\u00e3o, o <em>status social,<\/em> a falta de afecto, a falta de civismo, e querer ser o centro das aten\u00e7\u00f5es. Foi real\u00e7ado que existe o bullying f\u00edsico, verbal e psicol\u00f3gico.<\/p>\n<p>Como consequ\u00eancias viu-se o insucesso escolar, o medo de sair de casa, provocando o medo e o isolamento.<\/p>\n<p>Perante isto achamos que o bullying \u00e9 \u201cuma estupidez\u201d, \u00e9 um acto mau, para n\u00f3s e para a sociedade e \u00e9 uma perda de tempo.<\/p>\n<p>Vimos que a sociedade ignora estes problemas ou ainda os incentivam, dizendo, \u201cse levas, deves tamb\u00e9m dar\u2026\u201d.<\/p>\n<p>Sendo um Movimento cat\u00f3lico procuramos tamb\u00e9m saber o que nos diz Jesus Cristo. Descobrimos que Ele nos diz que apesar das diverg\u00eancias \u00e9 poss\u00edvel viver juntos. \u00c0s vezes fazemos coisas que n\u00e3o quer\u00edamos, sem nos apercebermos. Jesus tamb\u00e9m nos diz ainda que aqueles que fazem o bullying tamb\u00e9m s\u00e3o filhos de Deus e n\u00e3o devemos fazer-lhes o mesmo, mas falar com eles com respeito.<\/p>\n<p>Achamos que para que o bullying n\u00e3o exista devemos ser mais tolerantes, n\u00e3o sermos indiferentes. Devemos dialogar com os provocadores, n\u00e3o os provocar ou bater, todos nos devemos respeitar. Consideramos que se deve alertar os mais velhos para a exist\u00eancia do bullying.<\/p>\n<p>O Encontro foi importante e possibilitou o conv\u00edvio e o conhecimento entre todos.<\/p>\n<p>Para concluir, na nossa opini\u00e3o devemos alertar para as consequ\u00eancias e espalhar a mensagem da n\u00e3o viol\u00eancia..<\/p>\n<p style=\"text-align: right;\"><em>Os Delegados Nacionais dos Grupos de Crian\u00e7as e Adolescentes do MAAC<\/em><\/p>\n","protected":false},"excerpt":{"rendered":"<p>No S\u00e1bado, 15 de Maio, realizou-se no Semin\u00e1rio Maior em Coimbra o II Encontro Nacional de Delgados\u00a0 de crian\u00e7as e adolescentes do MAAC, Movimento de Apostolado de Adolescentes e Crian\u00e7as.<\/p>\n","protected":false},"author":1,"featured_media":0,"comment_status":"open","ping_status":"open","sticky":false,"template":"","format":"standard","meta":{"_et_pb_use_builder":"","_et_pb_old_content":"","_et_gb_content_width":"","footnotes":""},"categories":[23,22],"tags":[],"class_list":["post-19","post","type-post","status-publish","format-standard","hentry","category-entrada","category-noticias"],"_links":{"self":[{"href":"https:\/\/sites.ecclesia.pt\/maac\/wp-json\/wp\/v2\/posts\/19","targetHints":{"allow":["GET"]}}],"collection":[{"href":"https:\/\/sites.ecclesia.pt\/maac\/wp-json\/wp\/v2\/posts"}],"about":[{"href":"https:\/\/sites.ecclesia.pt\/maac\/wp-json\/wp\/v2\/types\/post"}],"author":[{"embeddable":true,"href":"https:\/\/sites.ecclesia.pt\/maac\/wp-json\/wp\/v2\/users\/1"}],"replies":[{"embeddable":true,"href":"https:\/\/sites.ecclesia.pt\/maac\/wp-json\/wp\/v2\/comments?post=19"}],"version-history":[{"count":2,"href":"https:\/\/sites.ecclesia.pt\/maac\/wp-json\/wp\/v2\/posts\/19\/revisions"}],"predecessor-version":[{"id":177,"href":"https:\/\/sites.ecclesia.pt\/maac\/wp-json\/wp\/v2\/posts\/19\/revisions\/177"}],"wp:attachment":[{"href":"https:\/\/sites.ecclesia.pt\/maac\/wp-json\/wp\/v2\/media?parent=19"}],"wp:term":[{"taxonomy":"category","embeddable":true,"href":"https:\/\/sites.ecclesia.pt\/maac\/wp-json\/wp\/v2\/categories?post=19"},{"taxonomy":"post_tag","embeddable":true,"href":"https:\/\/sites.ecclesia.pt\/maac\/wp-json\/wp\/v2\/tags?post=19"}],"curies":[{"name":"wp","href":"https:\/\/api.w.org\/{rel}","templated":true}]}}