{"id":20,"date":"2009-11-19T00:00:00","date_gmt":"2009-11-19T00:00:00","guid":{"rendered":"http:\/\/sites.ecclesia.pt\/maac\/2009\/11\/19\/conviccoes-e-desafios-conclusoes-do-forum-nacional-dos-movimentos-da-accao-catolica\/"},"modified":"2020-01-03T14:35:46","modified_gmt":"2020-01-03T14:35:46","slug":"conviccoes-e-desafios-conclusoes-do-forum-nacional-dos-movimentos-da-accao-catolica","status":"publish","type":"post","link":"https:\/\/sites.ecclesia.pt\/maac\/2009\/11\/19\/conviccoes-e-desafios-conclusoes-do-forum-nacional-dos-movimentos-da-accao-catolica\/","title":{"rendered":"Convic\u00e7\u00f5es e Desafios: Conclus\u00f5es do F\u00f3rum Nacional dos Movimentos da Ac\u00e7\u00e3o Cat\u00f3lica"},"content":{"rendered":"<p>Os Movimentos da Ac\u00e7\u00e3o Cat\u00f3lica, conscientes da sua miss\u00e3o laical e evangelizadora, celebram os 75 anos da funda\u00e7\u00e3o deste grande dom para a Igreja, reafirmando a sua vitalidade, dinamismo e a continuidade como resposta para viver a esperan\u00e7a no mundo.<\/p>\n<p>  <!--more-->  <\/p>\n<p>O legado hist\u00f3rico not\u00e1vel do trabalho de evangeliza\u00e7\u00e3o realizado pelos militantes que nos precederam; a metodologia que se mant\u00e9m actual \u2013 a Revis\u00e3o Vida \u2013 em din\u00e2mica de ver, julgar e agir, que \u00e9 a pedagogia do Evangelho; a grande escola de forma\u00e7\u00e3o que sempre foi, gerando crist\u00e3os militantes interventivos, proporcionam um olhar atento e comprometido sobre o presente e o futuro, para continuar a ser fermento.<\/p>\n<p>Desenvolvendo a ac\u00e7\u00e3o no campo pr\u00f3prio da sua actividade evangelizadora que \u00e9 o mundo vasto e complicado da pol\u00edtica, da realidade social, da economia, da cultura, das ci\u00eancias e das artes, da vida internacional, dos media, e ainda outras realidades particularmente abertas \u00e0 evangeliza\u00e7\u00e3o, como sejam o amor, a fam\u00edlia, a educa\u00e7\u00e3o das crian\u00e7as e dos adolescentes, o trabalho profissional e o sofrimento &#8211; como referiu D. Jorge Ortiga, Presidente da CEP.<\/p>\n<p>Sublinhou ainda que a retrospectiva \u00e9 importante e que \u00e9 incontorn\u00e1vel reconhecer que os frutos apareceram, em abund\u00e2ncia. Os Movimentos da AC ter\u00e3o de ser capazes de gerar novos frutos para os novos tempos \u2013 p\u00f4r em pr\u00e1tica todas as possibilidades crist\u00e3s e evang\u00e9licas escondidas, mas j\u00e1 presentes e operantes, nas coisas do mundo.<\/p>\n<p>N\u00f3s, como Movimentos da AC, estamos convictos que esta celebra\u00e7\u00e3o constituir\u00e1 um incentivo e um impulso decisivos para assumirmos ser essa presen\u00e7a viva e actuante de Cristo no Mundo, ao servi\u00e7o de todos os homens e mulheres, nossos irm\u00e3os, de forma especial dos mais fragilizados.<\/p>\n<p>H\u00e1 caminhos n\u00e3o andados que esperam por algu\u00e9m, e \u00e9 essa a nossa atitude, de abertura \u00e0 novidade, consci\u00eancia de que as exig\u00eancias, os desafios sociais e eclesiais, s\u00e3o na actualidade muito diferentes e que implicam respostas inovadoras e novas \u201cpresen\u00e7as\u201d.<\/p>\n<p>Os Movimentos da AC reafirmam a sua actualidade e dinamismo, como espa\u00e7os de compromisso dos militantes crist\u00e3os no mundo, convictos de que:<\/p>\n<p>*A sua viv\u00eancia crist\u00e3 se expressa numa espiritualidade de milit\u00e2ncia;<\/p>\n<p>*N\u00e3o sendo movimentos de massa, s\u00e3o chamados hoje a ser sinal, fermento e testemunho no mundo;<\/p>\n<p>*Fazem uma leitura concreta das realidades, \u00e0 luz dos crit\u00e9rios do Evangelho, que implica convers\u00e3o de vida;<\/p>\n<p>*Continuam a ser, na Igreja e para a Igreja, grande escola de forma\u00e7\u00e3o de leigos;<\/p>\n<p>*\u00c9 decisivo investir numa forma\u00e7\u00e3o s\u00f3lida e integral dos militantes (evang\u00e9lica, cultural e c\u00edvica);<\/p>\n<p>*A ac\u00e7\u00e3o evangelizadora e transformadora dos militantes e dos grupos, enformada pela pedagogia dinamizadora da revis\u00e3o de Vida, visa exactamente a mudan\u00e7a qualitativa das pessoas, das estruturas e dos meios;<\/p>\n<p>*A especificidade da voca\u00e7\u00e3o co-responsabiliza os leigos na vida e miss\u00e3o da Igreja;<\/p>\n<p>*A sua ac\u00e7\u00e3o assenta no servir a dignidade humana, cuidando do mais fr\u00e1gil.<\/p>\n<p>*Numa sociedade mais aberta e mais plural \u00e9 fundamental olhar sem medo, com humildade e confian\u00e7a.<\/p>\n<p>*\u00c9 preciso uma abertura permanente \u00e0 novidade para acolher os novos desafios e as exig\u00eancias de renova\u00e7\u00e3o;<\/p>\n<p>Os Movimentos da Ac\u00e7\u00e3o Cat\u00f3lica identificam como grandes desafios:<\/p>\n<p>*(Re)criar oportunidades de encontro e\u00a0 partilha entre si;<\/p>\n<p>*Proximidade entre os grupos de jovens e adultos, em vista \u00e0 renova\u00e7\u00e3o;<\/p>\n<p>*Valoriza\u00e7\u00e3o dos grupos de base;<\/p>\n<p>*Renovar o envolvimento no meio;<\/p>\n<p>*Acreditar no valor da Revis\u00e3o de Vida;<\/p>\n<p>*Necessidade de forma\u00e7\u00e3o permanente;<\/p>\n<p>*Maior conhecimento da DSI;<\/p>\n<p>*Inovar na viv\u00eancia eclesial;<\/p>\n<p>*Actualiza\u00e7\u00e3o da linguagem da f\u00e9;<\/p>\n<p>*Renova\u00e7\u00e3o de consci\u00eancias;<\/p>\n<p>*Maior comprometimento da CEP aos Movimentos;<\/p>\n<p>*Dialogar com outras Institui\u00e7\u00f5es;<\/p>\n<p>*Aceita\u00e7\u00e3o da diversidade<\/p>\n<p>No concerto de pluralidade de movimentos, \u00e9 fundamental reencontrar o vigor da originalidade da AC: a sua espiritualidade secular, a sua m\u00edstica de ac\u00e7\u00e3o pessoal e testemunho, o seu rosto de interven\u00e7\u00e3o social organizada e interpela\u00e7\u00e3o do meio, que, pela Revis\u00e3o de Vida, se tornam express\u00e3o do amor de Deus por cada pessoa e contributo para uma sociedade de coopera\u00e7\u00e3o, partilha e harmonia.<\/p>\n<p>Col\u00e9gio dos \u00d3rf\u00e3os, Porto, 8 de Novembro 2009<\/p>\n<p>F\u00f3rum dos Movimentos da Ac\u00e7\u00e3o Cat\u00f3lica: ACI, ACR, JARC, JOC, LOC\/MTC, MAAC, MCE<\/p>\n","protected":false},"excerpt":{"rendered":"<p>Os Movimentos da Ac\u00e7\u00e3o Cat\u00f3lica, conscientes da sua miss\u00e3o laical e evangelizadora, celebram os 75 anos da funda\u00e7\u00e3o deste grande dom para a Igreja, reafirmando a sua vitalidade, dinamismo e a continuidade como resposta para viver a esperan\u00e7a no mundo.<\/p>\n","protected":false},"author":1,"featured_media":0,"comment_status":"open","ping_status":"open","sticky":false,"template":"","format":"standard","meta":{"_et_pb_use_builder":"","_et_pb_old_content":"","_et_gb_content_width":"","footnotes":""},"categories":[22],"tags":[],"class_list":["post-20","post","type-post","status-publish","format-standard","hentry","category-noticias"],"_links":{"self":[{"href":"https:\/\/sites.ecclesia.pt\/maac\/wp-json\/wp\/v2\/posts\/20","targetHints":{"allow":["GET"]}}],"collection":[{"href":"https:\/\/sites.ecclesia.pt\/maac\/wp-json\/wp\/v2\/posts"}],"about":[{"href":"https:\/\/sites.ecclesia.pt\/maac\/wp-json\/wp\/v2\/types\/post"}],"author":[{"embeddable":true,"href":"https:\/\/sites.ecclesia.pt\/maac\/wp-json\/wp\/v2\/users\/1"}],"replies":[{"embeddable":true,"href":"https:\/\/sites.ecclesia.pt\/maac\/wp-json\/wp\/v2\/comments?post=20"}],"version-history":[{"count":1,"href":"https:\/\/sites.ecclesia.pt\/maac\/wp-json\/wp\/v2\/posts\/20\/revisions"}],"predecessor-version":[{"id":86,"href":"https:\/\/sites.ecclesia.pt\/maac\/wp-json\/wp\/v2\/posts\/20\/revisions\/86"}],"wp:attachment":[{"href":"https:\/\/sites.ecclesia.pt\/maac\/wp-json\/wp\/v2\/media?parent=20"}],"wp:term":[{"taxonomy":"category","embeddable":true,"href":"https:\/\/sites.ecclesia.pt\/maac\/wp-json\/wp\/v2\/categories?post=20"},{"taxonomy":"post_tag","embeddable":true,"href":"https:\/\/sites.ecclesia.pt\/maac\/wp-json\/wp\/v2\/tags?post=20"}],"curies":[{"name":"wp","href":"https:\/\/api.w.org\/{rel}","templated":true}]}}