{"id":201,"date":"2019-08-03T16:25:29","date_gmt":"2019-08-03T16:25:29","guid":{"rendered":"http:\/\/sites.ecclesia.pt\/maac\/?p=201"},"modified":"2020-06-03T17:24:21","modified_gmt":"2020-06-03T17:24:21","slug":"iii-acampamento-nacional-do-maac","status":"publish","type":"post","link":"https:\/\/sites.ecclesia.pt\/maac\/2019\/08\/03\/iii-acampamento-nacional-do-maac\/","title":{"rendered":"III Acampamento Nacional do MAAC"},"content":{"rendered":"<p>Decorreu de 27 a 31 de julho, o III Acampamento Nacional do\u00a0MAAC \u2013 Movimento de Apostolado de Adolescentes e Crian\u00e7as, na Palha\u00e7a (Oliveira do Bairro) com o slogan \u201cViver a Alegria na Diversidade e Uni\u00e3o\u201d.<\/p>\n<p><!--more--><\/p>\n<p>Este acampamento contou com a participa\u00e7\u00e3o de 126 pessoas entre as quais crian\u00e7as, adolescentes, acompanhantes e volunt\u00e1rios das dioceses de Braga, Porto, Aveiro, Coimbra, Santar\u00e9m, Lisboa, Set\u00fabal e Angra, e teve como objetivos principais:<\/p>\n<ul>\n<li>Aprender a respeitar a individualidade e a diferen\u00e7a de cada um;<\/li>\n<li>Crescer em harmonia, uni\u00e3o e paz;<\/li>\n<li>Criar amigos e conhecimentos;<\/li>\n<li>Perder a vergonha e participar mais;<\/li>\n<li>Aprender a sermos mais amigos e melhores pessoas;<\/li>\n<li>Redescobrir o valor da entreajuda e do respeito;<\/li>\n<li>Ligarmo-nos a Jesus sem telem\u00f3vel.<\/li>\n<\/ul>\n<p>Ao longo destes 5 dias foi abordado o slogan atrav\u00e9s do m\u00e9todo de Revis\u00e3o de Vida \u2013 Ver, Julgar e Agir.<\/p>\n<p>Na etapa do Ver, discutimos em grupos como nos sent\u00edamos e lidamos com as nossas diferen\u00e7as e as dos outros. Na nossa opini\u00e3o, esta etapa foi importante porque permitiu-nos conhecer melhor a n\u00f3s pr\u00f3prios, nomeadamente as nossas diferen\u00e7as.<\/p>\n<p>Na etapa do Julgar, fizemos um jogo de pistas que tinha como conte\u00fados:<\/p>\n<ul>\n<li>Valorizar e respeitar a diversidade;<\/li>\n<li>Alegria em ir ao encontro do outro (construir pontes de confian\u00e7a);<\/li>\n<li>Construir a paz na diversidade (gerir conflitos);<\/li>\n<li>Uni\u00e3o para transformar o mundo; \uf0b7 Gra\u00e7as pela vida \u2013 Alegria &#8211; Amor de Deus; \uf0b7 Bondade em cada um de n\u00f3s.<\/li>\n<\/ul>\n<p>Consideramos que esta etapa foi interessante e divertida, porque aprendemos a n\u00e3o gozar as pessoas e a respeitar os outros.<\/p>\n<p>Na etapa do Agir, cada um assumiu uma atitude nova, que devemos aceitar as diferen\u00e7as como coisa boa e com alegria; sermos tolerantes. Em grupo: divulgar as conclus\u00f5es do acampamento no bairro e na igreja, ver o filme Wonder-Encantador\u201d e discuti-lo com o p\u00fablico, refletir o racismo e preconceito, trabalhar as acessibilidades na igreja, fazer v\u00eddeo sobre \u201ca diversidade e aceitar as diferen\u00e7as\u201d, interc\u00e2mbios entre grupos para nos conhecermos melhor e expandir o MAAC a outras zonas para mostrar o que fazemos, contatar os sem abrigo e os idosos.<\/p>\n<p>Durante estes 5 dias fizemos ora\u00e7\u00e3o da manh\u00e3 e da noite, tivemos celebra\u00e7\u00e3o no domingo com o nosso assistente Pe Manuel Sim\u00f5es e com Pe Emanuel Valad\u00e3o; fomos \u00e0 piscina que foi um espa\u00e7o agrad\u00e1vel que possibilitou brincarmos e convivermos. Tivemos tamb\u00e9m diferentes oficinas entre as quais: gastronomia; carpintaria; m\u00fasica; jornalismo; costura; dan\u00e7a; teatro; artes e desporto, que nos permitiram aprender coisas novas.<\/p>\n<p>Resumindo, este acampamento foi divertido, possibilitou-nos aprender, conhecer pessoas novas e compreender que todos somos diferentes e brincarmos com muita alegria e tornando-nos mais unidos.<\/p>\n<p><em>Elaborado pela Oficina de Jornalismo:<br \/>\n<\/em><em>Diana Conde, 10 anos; Andreia Prino, 10 anos; Emma Saraiva, 10 anos;\u00a0 e as acompanhantes Elsa Reis e Miriam<\/em><\/p>\n\n\t\t<style type=\"text\/css\">\n\t\t\t#gallery-1 {\n\t\t\t\tmargin: auto;\n\t\t\t}\n\t\t\t#gallery-1 .gallery-item {\n\t\t\t\tfloat: left;\n\t\t\t\tmargin-top: 10px;\n\t\t\t\ttext-align: center;\n\t\t\t\twidth: 33%;\n\t\t\t}\n\t\t\t#gallery-1 img {\n\t\t\t\tborder: 2px solid #cfcfcf;\n\t\t\t}\n\t\t\t#gallery-1 .gallery-caption {\n\t\t\t\tmargin-left: 0;\n\t\t\t}\n\t\t\t\/* see gallery_shortcode() in wp-includes\/media.php *\/\n\t\t<\/style>\n\t\t<div id='gallery-1' class='gallery galleryid-201 gallery-columns-3 gallery-size-thumbnail'><dl class='gallery-item'>\n\t\t\t<dt class='gallery-icon landscape'>\n\t\t\t\t<a href='https:\/\/sites.ecclesia.pt\/maac\/2019\/08\/03\/iii-acampamento-nacional-do-maac\/sdr\/'><img loading=\"lazy\" decoding=\"async\" width=\"150\" height=\"150\" src=\"https:\/\/sites.ecclesia.pt\/maac\/wp-content\/uploads\/2020\/06\/12-Large-150x150.jpg\" class=\"attachment-thumbnail size-thumbnail\" alt=\"\" \/><\/a>\n\t\t\t<\/dt><\/dl><dl class='gallery-item'>\n\t\t\t<dt class='gallery-icon landscape'>\n\t\t\t\t<a href='https:\/\/sites.ecclesia.pt\/maac\/2019\/08\/03\/iii-acampamento-nacional-do-maac\/13-large\/'><img loading=\"lazy\" decoding=\"async\" width=\"150\" height=\"150\" src=\"https:\/\/sites.ecclesia.pt\/maac\/wp-content\/uploads\/2020\/06\/13-Large-150x150.jpg\" class=\"attachment-thumbnail size-thumbnail\" alt=\"\" \/><\/a>\n\t\t\t<\/dt><\/dl><dl class='gallery-item'>\n\t\t\t<dt class='gallery-icon landscape'>\n\t\t\t\t<a href='https:\/\/sites.ecclesia.pt\/maac\/2019\/08\/03\/iii-acampamento-nacional-do-maac\/14-large\/'><img loading=\"lazy\" decoding=\"async\" width=\"150\" height=\"150\" src=\"https:\/\/sites.ecclesia.pt\/maac\/wp-content\/uploads\/2020\/06\/14-Large-150x150.jpg\" class=\"attachment-thumbnail size-thumbnail\" alt=\"\" \/><\/a>\n\t\t\t<\/dt><\/dl><br style=\"clear: both\" \/><dl class='gallery-item'>\n\t\t\t<dt class='gallery-icon landscape'>\n\t\t\t\t<a href='https:\/\/sites.ecclesia.pt\/maac\/2019\/08\/03\/iii-acampamento-nacional-do-maac\/15-large\/'><img loading=\"lazy\" decoding=\"async\" width=\"150\" height=\"150\" src=\"https:\/\/sites.ecclesia.pt\/maac\/wp-content\/uploads\/2020\/06\/15-Large-150x150.jpg\" class=\"attachment-thumbnail size-thumbnail\" alt=\"\" \/><\/a>\n\t\t\t<\/dt><\/dl><dl class='gallery-item'>\n\t\t\t<dt class='gallery-icon landscape'>\n\t\t\t\t<a href='https:\/\/sites.ecclesia.pt\/maac\/2019\/08\/03\/iii-acampamento-nacional-do-maac\/16-large\/'><img loading=\"lazy\" decoding=\"async\" width=\"150\" height=\"150\" src=\"https:\/\/sites.ecclesia.pt\/maac\/wp-content\/uploads\/2020\/06\/16-Large-150x150.jpg\" class=\"attachment-thumbnail size-thumbnail\" alt=\"\" \/><\/a>\n\t\t\t<\/dt><\/dl><dl class='gallery-item'>\n\t\t\t<dt class='gallery-icon landscape'>\n\t\t\t\t<a href='https:\/\/sites.ecclesia.pt\/maac\/2019\/08\/03\/iii-acampamento-nacional-do-maac\/17-large\/'><img loading=\"lazy\" decoding=\"async\" width=\"150\" height=\"150\" src=\"https:\/\/sites.ecclesia.pt\/maac\/wp-content\/uploads\/2020\/06\/17-Large-150x150.jpg\" class=\"attachment-thumbnail size-thumbnail\" alt=\"\" \/><\/a>\n\t\t\t<\/dt><\/dl><br style=\"clear: both\" \/><dl class='gallery-item'>\n\t\t\t<dt class='gallery-icon landscape'>\n\t\t\t\t<a href='https:\/\/sites.ecclesia.pt\/maac\/2019\/08\/03\/iii-acampamento-nacional-do-maac\/18-large\/'><img loading=\"lazy\" decoding=\"async\" width=\"150\" height=\"150\" src=\"https:\/\/sites.ecclesia.pt\/maac\/wp-content\/uploads\/2020\/06\/18-Large-150x150.jpg\" class=\"attachment-thumbnail size-thumbnail\" alt=\"\" \/><\/a>\n\t\t\t<\/dt><\/dl><dl class='gallery-item'>\n\t\t\t<dt class='gallery-icon landscape'>\n\t\t\t\t<a href='https:\/\/sites.ecclesia.pt\/maac\/2019\/08\/03\/iii-acampamento-nacional-do-maac\/sdr-2\/'><img loading=\"lazy\" decoding=\"async\" width=\"150\" height=\"150\" src=\"https:\/\/sites.ecclesia.pt\/maac\/wp-content\/uploads\/2020\/06\/19-Large-150x150.jpg\" class=\"attachment-thumbnail size-thumbnail\" alt=\"\" \/><\/a>\n\t\t\t<\/dt><\/dl><dl class='gallery-item'>\n\t\t\t<dt class='gallery-icon landscape'>\n\t\t\t\t<a href='https:\/\/sites.ecclesia.pt\/maac\/2019\/08\/03\/iii-acampamento-nacional-do-maac\/dav\/'><img loading=\"lazy\" decoding=\"async\" width=\"150\" height=\"150\" src=\"https:\/\/sites.ecclesia.pt\/maac\/wp-content\/uploads\/2020\/06\/20-Large-150x150.jpg\" class=\"attachment-thumbnail size-thumbnail\" alt=\"\" \/><\/a>\n\t\t\t<\/dt><\/dl><br style=\"clear: both\" \/><dl class='gallery-item'>\n\t\t\t<dt class='gallery-icon portrait'>\n\t\t\t\t<a href='https:\/\/sites.ecclesia.pt\/maac\/2019\/08\/03\/iii-acampamento-nacional-do-maac\/dav-2\/'><img loading=\"lazy\" decoding=\"async\" width=\"150\" height=\"150\" src=\"https:\/\/sites.ecclesia.pt\/maac\/wp-content\/uploads\/2020\/06\/21-Large-150x150.jpg\" class=\"attachment-thumbnail size-thumbnail\" alt=\"\" \/><\/a>\n\t\t\t<\/dt><\/dl><dl class='gallery-item'>\n\t\t\t<dt class='gallery-icon portrait'>\n\t\t\t\t<a href='https:\/\/sites.ecclesia.pt\/maac\/2019\/08\/03\/iii-acampamento-nacional-do-maac\/dav-3\/'><img loading=\"lazy\" decoding=\"async\" width=\"150\" height=\"150\" src=\"https:\/\/sites.ecclesia.pt\/maac\/wp-content\/uploads\/2020\/06\/22-Large-150x150.jpg\" class=\"attachment-thumbnail size-thumbnail\" alt=\"\" \/><\/a>\n\t\t\t<\/dt><\/dl><dl class='gallery-item'>\n\t\t\t<dt class='gallery-icon landscape'>\n\t\t\t\t<a href='https:\/\/sites.ecclesia.pt\/maac\/2019\/08\/03\/iii-acampamento-nacional-do-maac\/2-medium\/'><img loading=\"lazy\" decoding=\"async\" width=\"150\" height=\"150\" src=\"https:\/\/sites.ecclesia.pt\/maac\/wp-content\/uploads\/2020\/06\/2-Medium-150x150.jpg\" class=\"attachment-thumbnail size-thumbnail\" alt=\"\" \/><\/a>\n\t\t\t<\/dt><\/dl><br style=\"clear: both\" \/><dl class='gallery-item'>\n\t\t\t<dt class='gallery-icon landscape'>\n\t\t\t\t<a href='https:\/\/sites.ecclesia.pt\/maac\/2019\/08\/03\/iii-acampamento-nacional-do-maac\/3-medium\/'><img loading=\"lazy\" decoding=\"async\" width=\"150\" height=\"150\" src=\"https:\/\/sites.ecclesia.pt\/maac\/wp-content\/uploads\/2020\/06\/3-Medium-150x150.jpg\" class=\"attachment-thumbnail size-thumbnail\" alt=\"\" \/><\/a>\n\t\t\t<\/dt><\/dl><dl class='gallery-item'>\n\t\t\t<dt class='gallery-icon landscape'>\n\t\t\t\t<a href='https:\/\/sites.ecclesia.pt\/maac\/2019\/08\/03\/iii-acampamento-nacional-do-maac\/4-medium\/'><img loading=\"lazy\" decoding=\"async\" width=\"150\" height=\"150\" src=\"https:\/\/sites.ecclesia.pt\/maac\/wp-content\/uploads\/2020\/06\/4-Medium-150x150.jpg\" class=\"attachment-thumbnail size-thumbnail\" alt=\"\" \/><\/a>\n\t\t\t<\/dt><\/dl><dl class='gallery-item'>\n\t\t\t<dt class='gallery-icon landscape'>\n\t\t\t\t<a href='https:\/\/sites.ecclesia.pt\/maac\/2019\/08\/03\/iii-acampamento-nacional-do-maac\/5-medium\/'><img loading=\"lazy\" decoding=\"async\" width=\"150\" height=\"150\" src=\"https:\/\/sites.ecclesia.pt\/maac\/wp-content\/uploads\/2020\/06\/5-Medium-150x150.jpg\" class=\"attachment-thumbnail size-thumbnail\" alt=\"\" \/><\/a>\n\t\t\t<\/dt><\/dl><br style=\"clear: both\" \/><dl class='gallery-item'>\n\t\t\t<dt class='gallery-icon landscape'>\n\t\t\t\t<a href='https:\/\/sites.ecclesia.pt\/maac\/2019\/08\/03\/iii-acampamento-nacional-do-maac\/6-medium\/'><img loading=\"lazy\" decoding=\"async\" width=\"150\" height=\"150\" src=\"https:\/\/sites.ecclesia.pt\/maac\/wp-content\/uploads\/2020\/06\/6-Medium-150x150.jpg\" class=\"attachment-thumbnail size-thumbnail\" alt=\"\" \/><\/a>\n\t\t\t<\/dt><\/dl><dl class='gallery-item'>\n\t\t\t<dt class='gallery-icon landscape'>\n\t\t\t\t<a href='https:\/\/sites.ecclesia.pt\/maac\/2019\/08\/03\/iii-acampamento-nacional-do-maac\/7-medium\/'><img loading=\"lazy\" decoding=\"async\" width=\"150\" height=\"150\" src=\"https:\/\/sites.ecclesia.pt\/maac\/wp-content\/uploads\/2020\/06\/7-Medium-150x150.jpg\" class=\"attachment-thumbnail size-thumbnail\" alt=\"\" \/><\/a>\n\t\t\t<\/dt><\/dl><dl class='gallery-item'>\n\t\t\t<dt class='gallery-icon landscape'>\n\t\t\t\t<a href='https:\/\/sites.ecclesia.pt\/maac\/2019\/08\/03\/iii-acampamento-nacional-do-maac\/8-medium\/'><img loading=\"lazy\" decoding=\"async\" width=\"150\" height=\"150\" src=\"https:\/\/sites.ecclesia.pt\/maac\/wp-content\/uploads\/2020\/06\/8-Medium-150x150.jpg\" class=\"attachment-thumbnail size-thumbnail\" alt=\"\" \/><\/a>\n\t\t\t<\/dt><\/dl><br style=\"clear: both\" \/><dl class='gallery-item'>\n\t\t\t<dt class='gallery-icon landscape'>\n\t\t\t\t<a href='https:\/\/sites.ecclesia.pt\/maac\/2019\/08\/03\/iii-acampamento-nacional-do-maac\/9-medium\/'><img loading=\"lazy\" decoding=\"async\" width=\"150\" height=\"150\" src=\"https:\/\/sites.ecclesia.pt\/maac\/wp-content\/uploads\/2020\/06\/9-Medium-150x150.jpg\" class=\"attachment-thumbnail size-thumbnail\" alt=\"\" \/><\/a>\n\t\t\t<\/dt><\/dl><dl class='gallery-item'>\n\t\t\t<dt class='gallery-icon portrait'>\n\t\t\t\t<a href='https:\/\/sites.ecclesia.pt\/maac\/2019\/08\/03\/iii-acampamento-nacional-do-maac\/10-medium\/'><img loading=\"lazy\" decoding=\"async\" width=\"150\" height=\"150\" src=\"https:\/\/sites.ecclesia.pt\/maac\/wp-content\/uploads\/2020\/06\/10-Medium-150x150.jpg\" class=\"attachment-thumbnail size-thumbnail\" alt=\"\" \/><\/a>\n\t\t\t<\/dt><\/dl><dl class='gallery-item'>\n\t\t\t<dt class='gallery-icon landscape'>\n\t\t\t\t<a href='https:\/\/sites.ecclesia.pt\/maac\/2019\/08\/03\/iii-acampamento-nacional-do-maac\/11-medium\/'><img loading=\"lazy\" decoding=\"async\" width=\"150\" height=\"150\" src=\"https:\/\/sites.ecclesia.pt\/maac\/wp-content\/uploads\/2020\/06\/11-Medium-150x150.jpg\" class=\"attachment-thumbnail size-thumbnail\" alt=\"\" \/><\/a>\n\t\t\t<\/dt><\/dl><br style=\"clear: both\" \/>\n\t\t<\/div>\n\n","protected":false},"excerpt":{"rendered":"<p>Decorreu de 27 a 31 de julho, o III Acampamento Nacional do\u00a0MAAC \u2013 Movimento de Apostolado de Adolescentes e Crian\u00e7as, na Palha\u00e7a (Oliveira do Bairro) com o slogan \u201cViver a Alegria na Diversidade e Uni\u00e3o\u201d.<\/p>\n","protected":false},"author":1,"featured_media":211,"comment_status":"open","ping_status":"open","sticky":false,"template":"","format":"standard","meta":{"_et_pb_use_builder":"","_et_pb_old_content":"","_et_gb_content_width":"","footnotes":""},"categories":[23,22],"tags":[],"class_list":["post-201","post","type-post","status-publish","format-standard","has-post-thumbnail","hentry","category-entrada","category-noticias"],"_links":{"self":[{"href":"https:\/\/sites.ecclesia.pt\/maac\/wp-json\/wp\/v2\/posts\/201","targetHints":{"allow":["GET"]}}],"collection":[{"href":"https:\/\/sites.ecclesia.pt\/maac\/wp-json\/wp\/v2\/posts"}],"about":[{"href":"https:\/\/sites.ecclesia.pt\/maac\/wp-json\/wp\/v2\/types\/post"}],"author":[{"embeddable":true,"href":"https:\/\/sites.ecclesia.pt\/maac\/wp-json\/wp\/v2\/users\/1"}],"replies":[{"embeddable":true,"href":"https:\/\/sites.ecclesia.pt\/maac\/wp-json\/wp\/v2\/comments?post=201"}],"version-history":[{"count":4,"href":"https:\/\/sites.ecclesia.pt\/maac\/wp-json\/wp\/v2\/posts\/201\/revisions"}],"predecessor-version":[{"id":230,"href":"https:\/\/sites.ecclesia.pt\/maac\/wp-json\/wp\/v2\/posts\/201\/revisions\/230"}],"wp:featuredmedia":[{"embeddable":true,"href":"https:\/\/sites.ecclesia.pt\/maac\/wp-json\/wp\/v2\/media\/211"}],"wp:attachment":[{"href":"https:\/\/sites.ecclesia.pt\/maac\/wp-json\/wp\/v2\/media?parent=201"}],"wp:term":[{"taxonomy":"category","embeddable":true,"href":"https:\/\/sites.ecclesia.pt\/maac\/wp-json\/wp\/v2\/categories?post=201"},{"taxonomy":"post_tag","embeddable":true,"href":"https:\/\/sites.ecclesia.pt\/maac\/wp-json\/wp\/v2\/tags?post=201"}],"curies":[{"name":"wp","href":"https:\/\/api.w.org\/{rel}","templated":true}]}}