{"id":21,"date":"2011-07-29T13:40:59","date_gmt":"2011-07-29T13:40:59","guid":{"rendered":"http:\/\/sites.ecclesia.pt\/maac\/2011\/07\/29\/comunicado-unidos-no-maac-vamos-crescer-e-no-mundo-agir\/"},"modified":"2020-01-03T14:43:23","modified_gmt":"2020-01-03T14:43:23","slug":"comunicado-unidos-no-maac-vamos-crescer-e-no-mundo-agir","status":"publish","type":"post","link":"https:\/\/sites.ecclesia.pt\/maac\/2011\/07\/29\/comunicado-unidos-no-maac-vamos-crescer-e-no-mundo-agir\/","title":{"rendered":"Comunicado: Unidos no MAAC vamos crescer e no mundo agir!"},"content":{"rendered":"<p>O MAAC (Movimento de Apostolado de Adolescentes e Crian\u00e7as) realizou a sua 13\u00aa Assembleia Nacional nos dias 2 e 3 de Julho em Torres Novas, na casa das Irm\u00e3s de S. Jos\u00e9 de Clunny. A Assembleia contou com a presen\u00e7a de 40 participantes, delegados de crian\u00e7as e adolescentes dos grupos de base e acompanhantes das dioceses de Aveiro, Braga, Coimbra, Lisboa, Porto, Santar\u00e9m e Set\u00fabal.<\/p>\n<p>O Bispo da diocese de Santar\u00e9m, D. Manuel Pelino, esteve representado pelo p\u00e1roco de Torres Novas, padre An\u00edbal. Estiveram ainda presentes como convidados os movimentos JOC e LOC\/MTC, bem como o coordenador da Pastoral Oper\u00e1ria.<\/p>\n<p>Recebemos tamb\u00e9m a mensagem de D. Ant\u00f3nio Carrilho, presidente da Comiss\u00e3o Episcopal do Laicado e Fam\u00edlia pela m\u00e3o do seu secret\u00e1rio e ainda dos movimentos ACI e JARC.<\/p>\n<p>Na Assembleia, foi aprovado o plano de ac\u00e7\u00e3o para o tri\u00e9nio 2011\/2014 onde est\u00e3o contempladas as principais actividades nacionais a realizar pelas crian\u00e7as, adolescentes e acompanhantes do MAAC. Destacam-se actividades como o 1\u00baAcampamento Nacional, que decorrer\u00e1 em 2013, assim como o ENCA (Encontro Nacional de Crian\u00e7as e Adolescentes) em 2012 e dos encontros anuais de forma\u00e7\u00e3o: END (Encontro Nacional de Delegados) e do ENFA (Encontro Nacional de Forma\u00e7\u00e3o de Acompanhantes).<\/p>\n<p>Estas actividades s\u00e3o meios para concretizar alguns dos objectivos como: conhecer melhor Jesus e continuar a dar protagonismo \u00e0s crian\u00e7as e adolescentes, tendo em conta a realidade de cada um &#8211; uma das principais caracter\u00edsticas do MAAC.<\/p>\n<p>Para os pr\u00f3ximos tr\u00eas anos foi aprovado o lema \u201c<em>Unidos no MAAC vamos crescer e no Mundo Agir!\u201d.<\/em><\/p>\n<p>Tamb\u00e9m foi eleita a nova equipa executiva, constitu\u00edda pela Ana Catarina Mendes, da Diocese de Santar\u00e9m, Manuela Leal e Filipe Ferreira da Diocese do Porto.<\/p>\n<p>Outro actividade importante da Assembleia foi a apresenta\u00e7\u00e3o do ponto de situa\u00e7\u00e3o do trabalho de pesquisa sobre a Hist\u00f3ria do MAAC \u2013 <em>Crian\u00e7as e Adolescentes protagonistas na cidadania \u2013 <\/em>que est\u00e1 a ser elaborado em colabora\u00e7\u00e3o com o Centro de Estudos de Hist\u00f3ria Religiosa da Universidade Cat\u00f3lica na pessoa do Dr. Paulo Fontes e do Dr. Nuno Estev\u00e3o, os quais salientaram dois pontos chave do MAAC, que marcaram e marcam a hist\u00f3ria deste movimento. O primeiro, \u00e9 o facto deste movimento dar protagonismo \u00e0s crian\u00e7as, uma vez que em Portugal existem poucos movimentos onde as crian\u00e7as tenham uma voz activa; o segundo, o facto de o MAAC estar presente em meios mais desfavorecidos, onde existe menos possibilidade de presen\u00e7a da Igreja.<\/p>\n<p>Esta actividade foi mais um passo importante da caminhada do MAAC no protagonismo das crian\u00e7as e adolescentes, concretamente com a sua participa\u00e7\u00e3o na elabora\u00e7\u00e3o e aprova\u00e7\u00e3o do plano de ac\u00e7\u00e3o para o pr\u00f3ximo tri\u00e9nio.<\/p>\n<p>As crian\u00e7as e adolescentes, juntamente com os Acompanhantes acreditam que esta forma de ser Igreja \u00e9 um testemunho e um sinal de esperan\u00e7a para este tempo, onde muitas crian\u00e7as do nosso pa\u00eds est\u00e3o a viver situa\u00e7\u00f5es dif\u00edceis. Por isso comprometem-se a construir um mundo melhor, a partir da sua realidade, confiantes na palavra de Jesus: <em>\u201cEu Te bendigo, \u00f3 Pai, Senhor do c\u00e9u e da terra, porque escondeste estas verdades aos s\u00e1bios e inteligentes e as revelaste aos pequeninos\u201d(Mt 11,25)<\/em><\/p>\n<p align=\"right\">Movimento de Apostolado de Adolescentes e Crian\u00e7as<\/p>\n<p style=\"text-align: left;\">\n","protected":false},"excerpt":{"rendered":"<p>O MAAC (Movimento de Apostolado de Adolescentes e Crian\u00e7as) realizou a sua 13\u00aa Assembleia Nacional nos dias 2 e 3 de Julho em Torres Novas, na casa das Irm\u00e3s de S. Jos\u00e9 de Clunny. A Assembleia contou com a presen\u00e7a de 40 participantes, delegados de crian\u00e7as e adolescentes dos grupos de base e acompanhantes das [&hellip;]<\/p>\n","protected":false},"author":1,"featured_media":0,"comment_status":"open","ping_status":"open","sticky":false,"template":"","format":"standard","meta":{"_et_pb_use_builder":"","_et_pb_old_content":"","_et_gb_content_width":"","footnotes":""},"categories":[22],"tags":[],"class_list":["post-21","post","type-post","status-publish","format-standard","hentry","category-noticias"],"_links":{"self":[{"href":"https:\/\/sites.ecclesia.pt\/maac\/wp-json\/wp\/v2\/posts\/21","targetHints":{"allow":["GET"]}}],"collection":[{"href":"https:\/\/sites.ecclesia.pt\/maac\/wp-json\/wp\/v2\/posts"}],"about":[{"href":"https:\/\/sites.ecclesia.pt\/maac\/wp-json\/wp\/v2\/types\/post"}],"author":[{"embeddable":true,"href":"https:\/\/sites.ecclesia.pt\/maac\/wp-json\/wp\/v2\/users\/1"}],"replies":[{"embeddable":true,"href":"https:\/\/sites.ecclesia.pt\/maac\/wp-json\/wp\/v2\/comments?post=21"}],"version-history":[{"count":2,"href":"https:\/\/sites.ecclesia.pt\/maac\/wp-json\/wp\/v2\/posts\/21\/revisions"}],"predecessor-version":[{"id":175,"href":"https:\/\/sites.ecclesia.pt\/maac\/wp-json\/wp\/v2\/posts\/21\/revisions\/175"}],"wp:attachment":[{"href":"https:\/\/sites.ecclesia.pt\/maac\/wp-json\/wp\/v2\/media?parent=21"}],"wp:term":[{"taxonomy":"category","embeddable":true,"href":"https:\/\/sites.ecclesia.pt\/maac\/wp-json\/wp\/v2\/categories?post=21"},{"taxonomy":"post_tag","embeddable":true,"href":"https:\/\/sites.ecclesia.pt\/maac\/wp-json\/wp\/v2\/tags?post=21"}],"curies":[{"name":"wp","href":"https:\/\/api.w.org\/{rel}","templated":true}]}}