{"id":22,"date":"2011-09-30T16:06:26","date_gmt":"2011-09-30T16:06:26","guid":{"rendered":"http:\/\/sites.ecclesia.pt\/maac\/2011\/09\/30\/conselho-nacional-preocupado-com-a-sustentabilidade-da-seguranca-social\/"},"modified":"2020-01-03T14:43:12","modified_gmt":"2020-01-03T14:43:12","slug":"conselho-nacional-preocupado-com-a-sustentabilidade-da-seguranca-social","status":"publish","type":"post","link":"https:\/\/sites.ecclesia.pt\/maac\/2011\/09\/30\/conselho-nacional-preocupado-com-a-sustentabilidade-da-seguranca-social\/","title":{"rendered":"Pastoral Oper\u00e1ria contra redu\u00e7\u00e3o da TSU"},"content":{"rendered":"<div>Coimbra, 25 set 2011 (Ecclesia) \u2013 Os organismos cat\u00f3licos ligados ao mundo laboral deixaram este s\u00e1bado um alerta para as consequ\u00eancias da diminui\u00e7\u00e3o da Taxa Social \u00danica [TSU, contribui\u00e7\u00e3o mensal paga pelas empresas] no futuro da Seguran\u00e7a Social.<\/div>\n<div>\n<p>\u201cA sustentabilidade da Seguran\u00e7a Social \u00e9 amea\u00e7ada, n\u00e3o s\u00f3 pelas diminui\u00e7\u00f5es dos descontos provocados pelo decr\u00e9scimo demogr\u00e1fico ou aumento do desemprego, mas tamb\u00e9m pela imposi\u00e7\u00e3o do memorando da troika [Banco Central Europeu, Comiss\u00e3o Europeia e Fundo Monet\u00e1rio Internacional] de baixar largamente a comparticipa\u00e7\u00e3o das empresas\u201d, assinala o comunicado final do Conselho Nacional de Pastoral Oper\u00e1ria (CNPO), enviado \u00e0 Ag\u00eancia ECCLESIA.<\/p>\n<p>O encontro foi realizado no Instituto Justi\u00e7a e Paz de Coimbra, reunindo a JOC (Juventude Oper\u00e1ria Cat\u00f3lica), LOC\/MTC (Liga Oper\u00e1ria Cat\u00f3lica\/Movimento de trabalhadores Crist\u00e3os), MAAC (Movimento de Apostolado de Adolescentes e Crian\u00e7as), PEMO (Padres em Mundo Oper\u00e1rio) e REMO (Religiosas em Mundo Oper\u00e1rio).<\/p>\n<p>A nota fala numa \u201crealidade muito marcante de desemprego, de sal\u00e1rios baixos e em atraso, desregula\u00e7\u00e3o do trabalho e dificuldades graves de muitas fam\u00edlias do meio oper\u00e1rio de todo o pa\u00eds\u201d.<\/p>\n<p>\u201cA par de medidas de conten\u00e7\u00e3o, t\u00eam de ser pensadas e refor\u00e7adas medidas de apoio a projetos de investimento criadores de novos empregos e a uma efetiva justi\u00e7a e coes\u00e3o social, para que haja um verdadeiro desenvolvimento do pa\u00eds\u201d, indicam as organiza\u00e7\u00f5es cat\u00f3licas.<\/p>\n<p>No documento, os respons\u00e1veis aludem a \u201cnovas situa\u00e7\u00f5es de pobreza\u201d, considerando que nas respostas para as mesmas \u201csobressai apenas uma vertente mais assistencialista, que n\u00e3o \u00e9 promotora da justi\u00e7a e coes\u00e3o social\u201d.<\/p>\n<p>\u201cAssistimos, diariamente, a not\u00edcias de cortes em \u00e1reas sociais essenciais e o aparecimento de mais impostos que geram mais desemprego, pobreza, desestrutura\u00e7\u00e3o familiar, condi\u00e7\u00f5es de vida miser\u00e1veis, viol\u00eancia, aumento de sentimentos de xenofobia e outros problemas sociais de extrema gravidade\u201d, pode ler-se.<\/p>\n<p>O CNPO admite a necessidade de redu\u00e7\u00e3o das despesas e apela \u00e0 cria\u00e7\u00e3o \u201cde h\u00e1bitos de poupan\u00e7a e de uma reeduca\u00e7\u00e3o financeira das fam\u00edlias\u201d.<\/p>\n<p>\u201cQueremos dar voz \u00e0 nossa indigna\u00e7\u00e3o perante todas as formas de exclus\u00e3o, provocadas pelo desemprego ou explora\u00e7\u00e3o no trabalho e reafirmar a nossa confian\u00e7a na conjuga\u00e7\u00e3o de esfor\u00e7os de forma a construir uma sociedade mais justa e fraterna\u201d, conclui o documento, assinado por Am\u00e9rico Monteiro Oliveira, coordenador nacional da Pastoral Oper\u00e1ria.<\/p>\n<p><em>OC<\/em><\/p>\n<\/div>\n","protected":false},"excerpt":{"rendered":"<p>Coimbra, 25 set 2011 (Ecclesia) \u2013 Os organismos cat\u00f3licos ligados ao mundo laboral deixaram este s\u00e1bado um alerta para as consequ\u00eancias da diminui\u00e7\u00e3o da Taxa Social \u00danica [TSU, contribui\u00e7\u00e3o mensal paga pelas empresas] no futuro da Seguran\u00e7a Social. \u201cA sustentabilidade da Seguran\u00e7a Social \u00e9 amea\u00e7ada, n\u00e3o s\u00f3 pelas diminui\u00e7\u00f5es dos descontos provocados pelo decr\u00e9scimo demogr\u00e1fico [&hellip;]<\/p>\n","protected":false},"author":1,"featured_media":0,"comment_status":"open","ping_status":"open","sticky":false,"template":"","format":"standard","meta":{"_et_pb_use_builder":"","_et_pb_old_content":"","_et_gb_content_width":"","footnotes":""},"categories":[22],"tags":[],"class_list":["post-22","post","type-post","status-publish","format-standard","hentry","category-noticias"],"_links":{"self":[{"href":"https:\/\/sites.ecclesia.pt\/maac\/wp-json\/wp\/v2\/posts\/22","targetHints":{"allow":["GET"]}}],"collection":[{"href":"https:\/\/sites.ecclesia.pt\/maac\/wp-json\/wp\/v2\/posts"}],"about":[{"href":"https:\/\/sites.ecclesia.pt\/maac\/wp-json\/wp\/v2\/types\/post"}],"author":[{"embeddable":true,"href":"https:\/\/sites.ecclesia.pt\/maac\/wp-json\/wp\/v2\/users\/1"}],"replies":[{"embeddable":true,"href":"https:\/\/sites.ecclesia.pt\/maac\/wp-json\/wp\/v2\/comments?post=22"}],"version-history":[{"count":2,"href":"https:\/\/sites.ecclesia.pt\/maac\/wp-json\/wp\/v2\/posts\/22\/revisions"}],"predecessor-version":[{"id":174,"href":"https:\/\/sites.ecclesia.pt\/maac\/wp-json\/wp\/v2\/posts\/22\/revisions\/174"}],"wp:attachment":[{"href":"https:\/\/sites.ecclesia.pt\/maac\/wp-json\/wp\/v2\/media?parent=22"}],"wp:term":[{"taxonomy":"category","embeddable":true,"href":"https:\/\/sites.ecclesia.pt\/maac\/wp-json\/wp\/v2\/categories?post=22"},{"taxonomy":"post_tag","embeddable":true,"href":"https:\/\/sites.ecclesia.pt\/maac\/wp-json\/wp\/v2\/tags?post=22"}],"curies":[{"name":"wp","href":"https:\/\/api.w.org\/{rel}","templated":true}]}}