{"id":25,"date":"2012-02-09T22:52:43","date_gmt":"2012-02-09T22:52:43","guid":{"rendered":"http:\/\/sites.ecclesia.pt\/maac\/2012\/02\/09\/encontro-nacional-de-delegados\/"},"modified":"2020-01-03T14:42:53","modified_gmt":"2020-01-03T14:42:53","slug":"encontro-nacional-de-delegados","status":"publish","type":"post","link":"https:\/\/sites.ecclesia.pt\/maac\/2012\/02\/09\/encontro-nacional-de-delegados\/","title":{"rendered":"END 2012"},"content":{"rendered":"<p>Realizou-se nos dias 18 e 19 de Fevereiro o END &#8211; Encontro Nacional de Delegados- 2012! em Torres Novas!<\/p>\n<p>Este encontro destina-se aos delegados de cada grupo de MAAC!<\/p>\n<p><img decoding=\"async\" title=\"END 2012\" src=\"https:\/\/sites.ecclesia.pt\/maac\/wp-content\/uploads\/2012\/02\/end-2012.jpg\" alt=\"Participantes END 2012\" width=\"700\" border=\"0\" \/><\/p>\n<p>O MAAC (Movimento de Apostolado de adolescentes e Crian\u00e7as) realizou nos dias 18 e 19 de Fevereiro, na Casa de S. Jos\u00e9 de Cluny em Torres Novas, o Encontro Nacional de Delegados, que contou com a participa\u00e7\u00e3o de cerca de 40 crian\u00e7as, adolescentes e acompanhantes de oito dioceses do pa\u00eds (Braga, Porto, Aveiro, Coimbra, Santar\u00e9m, Lisboa, Set\u00fabal e Angra do Heroismo). Neste encontro, os delegados do MAAC (crian\u00e7as e adolescentes) partilharam o que pensam sobre o significado de \u201ccrescer\u201d e o que os ajuda a crescer como pessoas e cidad\u00e3os. Descobriram, tamb\u00e9m, atrav\u00e9s das palavras de Jesus Cristo, alguns dos valores essenciais para um crescimento pessoal em alegria e harmonia, em comunh\u00e3o e solidariedade para com os outros, em responsabilidade para com o nosso planeta:<\/p>\n<p>\u201cDesde que nascemos estamos em constante crescimento, a n\u00edvel f\u00edsico e intelectual mas no fundo o que realmente isso significa? Segundo n\u00f3s, adolescentes e crian\u00e7as, crescer significa aprender a respeitar e a conviver com os outros, aprender com Jesus, a sermos mais independentes e mais respons\u00e1veis, a sermos verdadeiros nas decis\u00f5es que tomamos e a tom\u00e1-las por n\u00f3s pr\u00f3prios. Crescer significa alcan\u00e7ar novos horizontes, escolher os caminhos certos, sermos respons\u00e1veis pelos nossos erros e ultrapassar as dificuldades. \u00c9 aumentar de tamanho e aprender a viver com as constantes altera\u00e7\u00f5es no corpo, \u00e9 ter consci\u00eancia dos nossos limites, ter mais direitos e deveres e \u00e9, sem d\u00favida, ser algu\u00e9m na vida. Contudo, nada disto seria poss\u00edvel sem a ajuda da nossa fam\u00edlia, da escola, dos verdadeiros amigos, da nossa f\u00e9 e do MAAC, pois ele no meio disto tudo \u00e9 a nossa maior for\u00e7a\u201d.<\/p>\n<p>Neste encontro, os delegados apresentaram sugest\u00f5es para a organiza\u00e7\u00e3o do pr\u00f3ximo Encontro Nacional do MAAC (ENCA) e, tamb\u00e9m, decidiram que no Acampamento Nacional do MAAC a realizar no ano 2013 ser\u00e1 aprofundada a quest\u00e3o \u201cQuem sou eu? Porque agimos como agimos?<\/p>\n<p>Houve, ainda, um momento particular para a forma\u00e7\u00e3o na f\u00e9 dos participantes neste encontro, sobre a import\u00e2ncia da ora\u00e7\u00e3o. Foi sublinhada a necessidade de, atrav\u00e9s da ora\u00e7\u00e3o, ir ao encontro de Jesus Cristo e de O acolhermos na nossa vida; de se ter uma atitude de gratid\u00e3o para com Deus e, tamb\u00e9m, de Lhe pedir perd\u00e3o pelas nossas falhas; de renovar junto D`Ele a for\u00e7a e a sabedoria necess\u00e1rias para se enfrentar os momentos de des\u00e2nimo e dificuldades vividas e, tamb\u00e9m, para sermos portadores de esperan\u00e7a junto dos que sofrem e dos mais desfavorecidos.<\/p>\n<p>Este encontro rico em amizade, conv\u00edvio e aprendizagem, terminou com a realiza\u00e7\u00e3o da Celebra\u00e7\u00e3o Eucar\u00edstica, presidida pelo assistente nacional do MAAC, o Pe. Emanuel Valad\u00e3o.<\/p>\n<p align=\"right\">Torres Novas, 22 fevereiro 2012<\/p>\n<p align=\"right\">MAAC<\/p>\n<p><img loading=\"lazy\" decoding=\"async\" title=\"END 2012\" src=\"https:\/\/sites.ecclesia.pt\/maac\/wp-content\/uploads\/2012\/02\/end.jpg\" alt=\"Programa END\" width=\"596\" height=\"458\" border=\"0\" \/><\/p>\n","protected":false},"excerpt":{"rendered":"<p>Realizou-se nos dias 18 e 19 de Fevereiro o END &#8211; Encontro Nacional de Delegados- 2012! em Torres Novas! Este encontro destina-se aos delegados de cada grupo de MAAC! O MAAC (Movimento de Apostolado de adolescentes e Crian\u00e7as) realizou nos dias 18 e 19 de Fevereiro, na Casa de S. Jos\u00e9 de Cluny em Torres [&hellip;]<\/p>\n","protected":false},"author":1,"featured_media":23,"comment_status":"open","ping_status":"open","sticky":false,"template":"","format":"standard","meta":{"_et_pb_use_builder":"","_et_pb_old_content":"","_et_gb_content_width":"","footnotes":""},"categories":[22],"tags":[],"class_list":["post-25","post","type-post","status-publish","format-standard","has-post-thumbnail","hentry","category-noticias"],"_links":{"self":[{"href":"https:\/\/sites.ecclesia.pt\/maac\/wp-json\/wp\/v2\/posts\/25","targetHints":{"allow":["GET"]}}],"collection":[{"href":"https:\/\/sites.ecclesia.pt\/maac\/wp-json\/wp\/v2\/posts"}],"about":[{"href":"https:\/\/sites.ecclesia.pt\/maac\/wp-json\/wp\/v2\/types\/post"}],"author":[{"embeddable":true,"href":"https:\/\/sites.ecclesia.pt\/maac\/wp-json\/wp\/v2\/users\/1"}],"replies":[{"embeddable":true,"href":"https:\/\/sites.ecclesia.pt\/maac\/wp-json\/wp\/v2\/comments?post=25"}],"version-history":[{"count":3,"href":"https:\/\/sites.ecclesia.pt\/maac\/wp-json\/wp\/v2\/posts\/25\/revisions"}],"predecessor-version":[{"id":173,"href":"https:\/\/sites.ecclesia.pt\/maac\/wp-json\/wp\/v2\/posts\/25\/revisions\/173"}],"wp:featuredmedia":[{"embeddable":true,"href":"https:\/\/sites.ecclesia.pt\/maac\/wp-json\/wp\/v2\/media\/23"}],"wp:attachment":[{"href":"https:\/\/sites.ecclesia.pt\/maac\/wp-json\/wp\/v2\/media?parent=25"}],"wp:term":[{"taxonomy":"category","embeddable":true,"href":"https:\/\/sites.ecclesia.pt\/maac\/wp-json\/wp\/v2\/categories?post=25"},{"taxonomy":"post_tag","embeddable":true,"href":"https:\/\/sites.ecclesia.pt\/maac\/wp-json\/wp\/v2\/tags?post=25"}],"curies":[{"name":"wp","href":"https:\/\/api.w.org\/{rel}","templated":true}]}}