{"id":31,"date":"2012-03-27T14:22:56","date_gmt":"2012-03-27T14:22:56","guid":{"rendered":"http:\/\/sites.ecclesia.pt\/maac\/2012\/03\/27\/enca-2012\/"},"modified":"2020-01-03T14:41:21","modified_gmt":"2020-01-03T14:41:21","slug":"enca-2012","status":"publish","type":"post","link":"https:\/\/sites.ecclesia.pt\/maac\/2012\/03\/27\/enca-2012\/","title":{"rendered":"novo! ENCA 2012 &#8211; fotos e artigo"},"content":{"rendered":"<p>O MAAC (Movimento de Apostolado de Adolescentes e Crian\u00e7as) realizou no dia 25 de Mar\u00e7o de 2012, no Instituto Mission\u00e1rio Sagrado Cora\u00e7\u00e3o (Padres Dehonianos) em Coimbra, o seu Encontro Nacional de Crian\u00e7as e Adolescentes (ENCA). Este encontro contou com a participa\u00e7\u00e3o de cerca de 170 crian\u00e7as, adolescentes e acompanhantes de sete dioceses do pa\u00eds (Braga, Porto, Aveiro, Coimbra, Santar\u00e9m, Lisboa e Set\u00fabal). Os amigos de Angra do Hero\u00edsmo e Funchal estiveram presentes em \u201cuni\u00e3o de Esp\u00edrito\u201d, pois o oceano impossibilitou, desta vez, a sua participa\u00e7\u00e3o.<\/p>\n<p>Para este encontro as dioceses prepararam uma apresenta\u00e7\u00e3o e fez-se um pouco a mem\u00f3ria da vida de cada diocese e dos grupos existentes.<\/p>\n<p>Foi um dia de festa e tivemos a oportunidade de celebrar o 34\u00ba anivers\u00e1rio MAAC. Celebr\u00e1mos a vida, a alegria e a uni\u00e3o em Jesus Cristo ao longo do dia. Na celebra\u00e7\u00e3o da Eucaristia as dioceses puderam expressar muito daquilo que s\u00e3o os seus trabalhos e preocupa\u00e7\u00f5es que assolam as crian\u00e7as, adolescentes e as suas fam\u00edlias, encontrando em Jesus Cristo a inspira\u00e7\u00e3o para a sua a\u00e7\u00e3o.<\/p>\n<p>A partilha do almo\u00e7o foi, tamb\u00e9m, um momento de confraterniza\u00e7\u00e3o, onde todos nos sentimos convidados \u00e0 volta da mesma mesa, com a diversidade e abund\u00e2ncia daquilo que cada um trouxe para partilha com todos.<\/p>\n<p>A parte da tarde decorreu com muita anima\u00e7\u00e3o, essencialmente feita pelas dioceses, que divertiram e surpreenderam os participantes com diversos jogos e can\u00e7\u00f5es.<\/p>\n<p>No encontro de delegados, realizado em fevereiro \u00faltimo, cada delegado dos grupos de base recebeu uma pequena \u00e1rvore para ser plantada pelo grupo num local da sua comunidade. Neste ENCA houve tempo para apresentar o que cada grupo realizou, atrav\u00e9s de uma visita ao posto da \u201cfloresta do MAAC\u201d com fotos das \u00e1rvores recebidas no END (Encontro Nacional de Delegados do MAAC), s\u00edmbolos de crescimento, para vermos como cada grupo est\u00e1 a cuidar a sua \u00e1rvore.<\/p>\n<p>No final do encontro, as crian\u00e7as e adolescentes do MAAC montaram um puzzle com pe\u00e7as que foram adquirindo num dos jogos, que os levou a descobrir uma surpresa e lembran\u00e7a do ENCA.<\/p>\n<p>Foi um dia muito divertido para todos e onde se refor\u00e7aram rela\u00e7\u00f5es, sentimentos e \u00e2nimo para novos desafios que se apresentam pela frente.<\/p>\n<p>Este encontro ajudou, mais uma vez, as crian\u00e7as e adolescentes a perceberem o valor da proximidade e da diversidade. A refor\u00e7ar a necessidade de dar a conhecer o MAAC a todos os que ainda n\u00e3o descobriram, como espa\u00e7o onde as crian\u00e7as e adolescentes contribuem para um mundo melhor e uma Igreja mais acolhedora dos pequeninos.<\/p>\n<p align=\"right\">MAAC, 26.03.2012<\/p>\n<p align=\"right\">\n\n\t\t<style type=\"text\/css\">\n\t\t\t#gallery-1 {\n\t\t\t\tmargin: auto;\n\t\t\t}\n\t\t\t#gallery-1 .gallery-item {\n\t\t\t\tfloat: left;\n\t\t\t\tmargin-top: 10px;\n\t\t\t\ttext-align: center;\n\t\t\t\twidth: 33%;\n\t\t\t}\n\t\t\t#gallery-1 img {\n\t\t\t\tborder: 2px solid #cfcfcf;\n\t\t\t}\n\t\t\t#gallery-1 .gallery-caption {\n\t\t\t\tmargin-left: 0;\n\t\t\t}\n\t\t\t\/* see gallery_shortcode() in wp-includes\/media.php *\/\n\t\t<\/style>\n\t\t<div id='gallery-1' class='gallery galleryid-31 gallery-columns-3 gallery-size-thumbnail'><dl class='gallery-item'>\n\t\t\t<dt class='gallery-icon landscape'>\n\t\t\t\t<a href='https:\/\/sites.ecclesia.pt\/maac\/2012\/03\/27\/enca-2012\/attachment-enca1\/'><img loading=\"lazy\" decoding=\"async\" width=\"150\" height=\"150\" src=\"https:\/\/sites.ecclesia.pt\/maac\/wp-content\/uploads\/2012\/03\/enca1-150x150.jpg\" class=\"attachment-thumbnail size-thumbnail\" alt=\"\" \/><\/a>\n\t\t\t<\/dt><\/dl><dl class='gallery-item'>\n\t\t\t<dt class='gallery-icon landscape'>\n\t\t\t\t<a href='https:\/\/sites.ecclesia.pt\/maac\/2012\/03\/27\/enca-2012\/attachment-enca3\/'><img loading=\"lazy\" decoding=\"async\" width=\"150\" height=\"150\" src=\"https:\/\/sites.ecclesia.pt\/maac\/wp-content\/uploads\/2012\/03\/enca3-150x150.jpg\" class=\"attachment-thumbnail size-thumbnail\" alt=\"\" \/><\/a>\n\t\t\t<\/dt><\/dl><dl class='gallery-item'>\n\t\t\t<dt class='gallery-icon landscape'>\n\t\t\t\t<a href='https:\/\/sites.ecclesia.pt\/maac\/2012\/03\/27\/enca-2012\/attachment-enca5\/'><img loading=\"lazy\" decoding=\"async\" width=\"150\" height=\"150\" src=\"https:\/\/sites.ecclesia.pt\/maac\/wp-content\/uploads\/2012\/03\/enca5-150x150.jpg\" class=\"attachment-thumbnail size-thumbnail\" alt=\"\" \/><\/a>\n\t\t\t<\/dt><\/dl><br style=\"clear: both\" \/><dl class='gallery-item'>\n\t\t\t<dt class='gallery-icon landscape'>\n\t\t\t\t<a href='https:\/\/sites.ecclesia.pt\/maac\/2012\/03\/27\/enca-2012\/attachment-enca4\/'><img loading=\"lazy\" decoding=\"async\" width=\"150\" height=\"150\" src=\"https:\/\/sites.ecclesia.pt\/maac\/wp-content\/uploads\/2012\/03\/enca4-150x150.jpg\" class=\"attachment-thumbnail size-thumbnail\" alt=\"\" \/><\/a>\n\t\t\t<\/dt><\/dl>\n\t\t\t<br style='clear: both' \/>\n\t\t<\/div>\n\n<p align=\"right\">\n<p style=\"text-align: center;\">\n","protected":false},"excerpt":{"rendered":"<p>O MAAC (Movimento de Apostolado de Adolescentes e Crian\u00e7as) realizou no dia 25 de Mar\u00e7o de 2012, no Instituto Mission\u00e1rio Sagrado Cora\u00e7\u00e3o (Padres Dehonianos) em Coimbra, o seu Encontro Nacional de Crian\u00e7as e Adolescentes (ENCA). Este encontro contou com a participa\u00e7\u00e3o de cerca de 170 crian\u00e7as, adolescentes e acompanhantes de sete dioceses do pa\u00eds (Braga, [&hellip;]<\/p>\n","protected":false},"author":1,"featured_media":27,"comment_status":"open","ping_status":"open","sticky":false,"template":"","format":"standard","meta":{"_et_pb_use_builder":"","_et_pb_old_content":"","_et_gb_content_width":"","footnotes":""},"categories":[22],"tags":[],"class_list":["post-31","post","type-post","status-publish","format-standard","has-post-thumbnail","hentry","category-noticias"],"_links":{"self":[{"href":"https:\/\/sites.ecclesia.pt\/maac\/wp-json\/wp\/v2\/posts\/31","targetHints":{"allow":["GET"]}}],"collection":[{"href":"https:\/\/sites.ecclesia.pt\/maac\/wp-json\/wp\/v2\/posts"}],"about":[{"href":"https:\/\/sites.ecclesia.pt\/maac\/wp-json\/wp\/v2\/types\/post"}],"author":[{"embeddable":true,"href":"https:\/\/sites.ecclesia.pt\/maac\/wp-json\/wp\/v2\/users\/1"}],"replies":[{"embeddable":true,"href":"https:\/\/sites.ecclesia.pt\/maac\/wp-json\/wp\/v2\/comments?post=31"}],"version-history":[{"count":3,"href":"https:\/\/sites.ecclesia.pt\/maac\/wp-json\/wp\/v2\/posts\/31\/revisions"}],"predecessor-version":[{"id":169,"href":"https:\/\/sites.ecclesia.pt\/maac\/wp-json\/wp\/v2\/posts\/31\/revisions\/169"}],"wp:featuredmedia":[{"embeddable":true,"href":"https:\/\/sites.ecclesia.pt\/maac\/wp-json\/wp\/v2\/media\/27"}],"wp:attachment":[{"href":"https:\/\/sites.ecclesia.pt\/maac\/wp-json\/wp\/v2\/media?parent=31"}],"wp:term":[{"taxonomy":"category","embeddable":true,"href":"https:\/\/sites.ecclesia.pt\/maac\/wp-json\/wp\/v2\/categories?post=31"},{"taxonomy":"post_tag","embeddable":true,"href":"https:\/\/sites.ecclesia.pt\/maac\/wp-json\/wp\/v2\/tags?post=31"}],"curies":[{"name":"wp","href":"https:\/\/api.w.org\/{rel}","templated":true}]}}