{"id":39,"date":"2012-06-04T17:27:20","date_gmt":"2012-06-04T17:27:20","guid":{"rendered":"http:\/\/sites.ecclesia.pt\/maac\/2012\/06\/04\/midade\/"},"modified":"2020-01-03T14:40:02","modified_gmt":"2020-01-03T14:40:02","slug":"midade","status":"publish","type":"post","link":"https:\/\/sites.ecclesia.pt\/maac\/2012\/06\/04\/midade\/","title":{"rendered":"Dia do MIDADE"},"content":{"rendered":"<p>No dia 1 de Junho comemora-se o dia do MIDADE- Movimento Internacional de Apostolado das Crian\u00e7as!<\/p>\n<p><img decoding=\"async\" title=\"midade\" src=\"https:\/\/sites.ecclesia.pt\/maac\/wp-content\/uploads\/2012\/06\/logo-midade.jpg\" width=\"150\" border=\"0\" \/>E o MAAC faz parte deste movimento Internacional!!<\/p>\n<p>Por isso comemoramos em todos os grupos o dia do MIDADE com actividades diferentes! Aqui temos algumas fotos de algumas dioceses!!<\/p>\n<p>BRAGA e SANTAR\u00c9M<\/p>\n<p>{morfeo 2}<\/p>\n<p>Dia do MIDADE em Ronfe (Guimar\u00e3es)<\/p>\n<p>COIMBRA<\/p>\n<p><img decoding=\"async\" src=\"https:\/\/sites.ecclesia.pt\/maac\/wp-content\/uploads\/2012\/06\/coimbra-scaled.jpg\" width=\"650\" border=\"0\" \/><\/p>\n<p>No in\u00edcio fizemos uma roda e fal\u00e1mos do Dia do MIDADE.<\/p>\n<p>A seguir fizemos 2 grupos e a Solange deu a cada grupo um envelope sobre 2 regi\u00f5es: Europa e M\u00e9dio Oriente.<\/p>\n<p>Na Europa, o MIDADE existe em 6 pa\u00edses: Espanha, Fran\u00e7a, It\u00e1lia, Portugal, Rom\u00e9nia e Su\u00ed\u00e7a.<\/p>\n<p>Nesse dia cant\u00e1mos a can\u00e7\u00e3o Fr\u00e9re Jacques e escrevemos uma carta para os meninos de Fran\u00e7a do ACE e ensin\u00e1mos-lhe o Jogo do lencinho.<\/p>\n<p>No M\u00e9dio Oriente, vimos que num dos pa\u00edses onde h\u00e1 o MIDADE (a S\u00edria) as crian\u00e7as t\u00eam vivido uma situa\u00e7\u00e3o de guerra e, tamb\u00e9m, escrevemos uma carta para eles a ensinarmos um jogo que gostamos de jogar: Jogo dos pontos.<\/p>\n<p>Neste dia, vimos que \u00e9 importante sermos solid\u00e1rios com as outras crian\u00e7as do mundo e, por isso, partilh\u00e1mos 1 euro para o MIDADE.<\/p>\n<p>No final, demos ideias para ajudar o MIDADE a conseguir dinheiro para as suas actividades, aqui ficam elas: barraquinhas; rifas; vender objectos feitos pelas crian\u00e7as do MAAC; vender objectos que j\u00e1 n\u00e3o precisamos;\u2026<\/p>\n<p>Foi uma tarde bem passada, que terminou com um lanche partilhado e uma fuga \u00e0 \u201cchuva\u201d que quis celebrar connosco este dia!<\/p>\n<p><img decoding=\"async\" src=\"https:\/\/sites.ecclesia.pt\/maac\/wp-content\/uploads\/2012\/06\/coimbra2-scaled.jpg\" width=\"650\" border=\"0\" \/><\/p>\n<p>LISBOA e SET\u00daBAL<\/p>\n<p><img decoding=\"async\" src=\"https:\/\/sites.ecclesia.pt\/maac\/wp-content\/uploads\/2012\/06\/dsc00820-2-scaled.jpg\" width=\"650\" border=\"0\" \/><\/p>\n<p>Dia do Midade realizado no parque da Bela Vista em Set\u00fabal\u00a0com o MAAC\u00a0de\u00a0Lisboa e Set\u00fabal, no passado\u00a0dia 3 de Junho.<\/p>\n<h1>PORTO<\/h1>\n<p><img decoding=\"async\" src=\"https:\/\/sites.ecclesia.pt\/maac\/wp-content\/uploads\/2012\/06\/sdc15098.jpg\" width=\"400\" border=\"0\" \/><img decoding=\"async\" src=\"https:\/\/sites.ecclesia.pt\/maac\/wp-content\/uploads\/2012\/06\/sdc15100.jpg\" width=\"250\" border=\"0\" \/><\/p>\n<p><img decoding=\"async\" src=\"https:\/\/sites.ecclesia.pt\/maac\/wp-content\/uploads\/2012\/06\/sdc15091.jpg\" width=\"650\" border=\"0\" \/><\/p>\n<p>Dia do MIDADE celebrado pelo grupo de Codessos, diocese do Porto.<\/p>\n<p>O nosso grupo gosta de celebrar em grande\u00a0 este dia mas este ano tivemos\u00a0 v\u00e1rias a\u00e7\u00f5es nacionais e diocesanas\u00a0 e n\u00e3o podemos festejar da forma que gostamos , mesmo assim n\u00e3o deixamos passar\u00a0 em branco\u00a0 este dia t\u00e3o importante.<\/p>\n<p>Combinamos celebrar de forma simples\u00a0 mas divertida.<\/p>\n<p>No hor\u00e1rio da nossa reuni\u00e3o\u00a0 \u00e0s 19.30h cada um de n\u00f3s levou um petisco e fizemos um jantar partilhado onde n\u00e3o faltou o bolo do MIDADE.<\/p>\n<p>Fizemos algumas dan\u00e7as e jogos e tamb\u00e9m\u00a0 manifestamos a nossa alegria de pertencer a um grande movimento internacional, de saber que h\u00e1 meninos noutros pa\u00edses\u00a0 que como n\u00f3s se organizam para\u00a0 fazer um mundo mais bonito.<\/p>\n<p>Grupo de Codessos, diocese do Porto<\/p>\n<p>************************************************************************************************************<\/p>\n<p>e o que \u00e9 o MIDADE?<\/p>\n<p>MIDADE quer dizer Mouvement International d&#8217;Enfants ou\u00a0Movimento Internacional de Apostolado das Crian\u00e7as!<\/p>\n<p>\u00c9 uma Organiza\u00e7\u00e3o Internacional Cat\u00f3lica (O.I.C.).<\/p>\n<p>Est\u00e1 presente em 41 pa\u00edses do mundo: na \u00c1frica, na Am\u00e9rica Latina, no Canad\u00e1, no M\u00e9dio Oriente, no Oceano \u00cdndico, na Europa e nas Cara\u00edbas.<\/p>\n<p>\u00c9 um movimento internacional de crian\u00e7as, que lhes permite organizarem-se e agirem para defender os seus direitos e, assim, contribuirem na constru\u00e7\u00e3o de um mundo de justi\u00e7a e paz.<\/p>\n<p><img loading=\"lazy\" decoding=\"async\" title=\"midade\" src=\"https:\/\/sites.ecclesia.pt\/maac\/wp-content\/uploads\/2012\/06\/logo-midade.jpg\" width=\"284\" height=\"150\" border=\"0\" \/>Podes ler mais em www.midade.org<\/p>\n","protected":false},"excerpt":{"rendered":"<p>No dia 1 de Junho comemora-se o dia do MIDADE- Movimento Internacional de Apostolado das Crian\u00e7as! E o MAAC faz parte deste movimento Internacional!! Por isso comemoramos em todos os grupos o dia do MIDADE com actividades diferentes! Aqui temos algumas fotos de algumas dioceses!! BRAGA e SANTAR\u00c9M {morfeo 2} Dia do MIDADE em Ronfe [&hellip;]<\/p>\n","protected":false},"author":1,"featured_media":32,"comment_status":"open","ping_status":"open","sticky":false,"template":"","format":"standard","meta":{"_et_pb_use_builder":"","_et_pb_old_content":"","_et_gb_content_width":"","footnotes":""},"categories":[22],"tags":[],"class_list":["post-39","post","type-post","status-publish","format-standard","has-post-thumbnail","hentry","category-noticias"],"_links":{"self":[{"href":"https:\/\/sites.ecclesia.pt\/maac\/wp-json\/wp\/v2\/posts\/39","targetHints":{"allow":["GET"]}}],"collection":[{"href":"https:\/\/sites.ecclesia.pt\/maac\/wp-json\/wp\/v2\/posts"}],"about":[{"href":"https:\/\/sites.ecclesia.pt\/maac\/wp-json\/wp\/v2\/types\/post"}],"author":[{"embeddable":true,"href":"https:\/\/sites.ecclesia.pt\/maac\/wp-json\/wp\/v2\/users\/1"}],"replies":[{"embeddable":true,"href":"https:\/\/sites.ecclesia.pt\/maac\/wp-json\/wp\/v2\/comments?post=39"}],"version-history":[{"count":2,"href":"https:\/\/sites.ecclesia.pt\/maac\/wp-json\/wp\/v2\/posts\/39\/revisions"}],"predecessor-version":[{"id":167,"href":"https:\/\/sites.ecclesia.pt\/maac\/wp-json\/wp\/v2\/posts\/39\/revisions\/167"}],"wp:featuredmedia":[{"embeddable":true,"href":"https:\/\/sites.ecclesia.pt\/maac\/wp-json\/wp\/v2\/media\/32"}],"wp:attachment":[{"href":"https:\/\/sites.ecclesia.pt\/maac\/wp-json\/wp\/v2\/media?parent=39"}],"wp:term":[{"taxonomy":"category","embeddable":true,"href":"https:\/\/sites.ecclesia.pt\/maac\/wp-json\/wp\/v2\/categories?post=39"},{"taxonomy":"post_tag","embeddable":true,"href":"https:\/\/sites.ecclesia.pt\/maac\/wp-json\/wp\/v2\/tags?post=39"}],"curies":[{"name":"wp","href":"https:\/\/api.w.org\/{rel}","templated":true}]}}