{"id":47,"date":"2014-03-06T17:32:35","date_gmt":"2014-03-06T17:32:35","guid":{"rendered":"http:\/\/sites.ecclesia.pt\/maac\/2014\/03\/06\/mensagem-das-criancas-do-maac-de-portugal-para-a-siria\/"},"modified":"2020-01-03T14:39:03","modified_gmt":"2020-01-03T14:39:03","slug":"mensagem-das-criancas-do-maac-de-portugal-para-a-siria","status":"publish","type":"post","link":"https:\/\/sites.ecclesia.pt\/maac\/2014\/03\/06\/mensagem-das-criancas-do-maac-de-portugal-para-a-siria\/","title":{"rendered":"Mensagem das crian\u00e7as do MAAC de Portugal para a S\u00edria"},"content":{"rendered":"<p style=\"text-align: justify;\"><img decoding=\"async\" class=\"size-full wp-image-46 alignright\" src=\"https:\/\/sites.ecclesia.pt\/maac\/wp-content\/uploads\/2014\/03\/l1120593-scaled.jpg\" width=\"600\" border=\"0\" srcset=\"https:\/\/sites.ecclesia.pt\/maac\/wp-content\/uploads\/2014\/03\/l1120593-scaled.jpg 2560w, https:\/\/sites.ecclesia.pt\/maac\/wp-content\/uploads\/2014\/03\/l1120593-1280x720.jpg 1280w, https:\/\/sites.ecclesia.pt\/maac\/wp-content\/uploads\/2014\/03\/l1120593-980x551.jpg 980w, https:\/\/sites.ecclesia.pt\/maac\/wp-content\/uploads\/2014\/03\/l1120593-480x270.jpg 480w\" sizes=\"(min-width: 0px) and (max-width: 480px) 480px, (min-width: 481px) and (max-width: 980px) 980px, (min-width: 981px) and (max-width: 1280px) 1280px, (min-width: 1281px) 2560px, 100vw\" \/>N\u00f3s, as crian\u00e7as e adolescentes do Movimento de Apostolado de Adolescentes e Crian\u00e7as, reunidas em Encontro Nacional de Delegados nos dias 2 e 3 de mar\u00e7o de 2014, em F\u00e1tima, queremos fazer um apelo aos senhores respons\u00e1veis pela guerra na S\u00edria e deixar uma mensagem de esperan\u00e7a para as crian\u00e7as v\u00edtimas da mesma.<\/p>\n<p style=\"text-align: justify;\">Senhores que est\u00e3o a fazer a guerra na S\u00edria, as crian\u00e7as de Portugal deixam-vos esta mensagem:<\/p>\n<p style=\"text-align: justify;\">Por favor parem com a guerra, ouvimos not\u00edcias e vimos imagens de crian\u00e7as que est\u00e3o a ser v\u00edtimas dessa guerra, as suas casas e as suas escolas est\u00e3o a ser destru\u00eddas pelas bombas nestes \u00faltimos tempos, passam fome, tem que ir para a guerra, s\u00e3o violadas, maltratadas, etc.<\/p>\n<p style=\"text-align: justify;\">Se voc\u00eas fossem crian\u00e7as gostavam de ver a vossa escola destru\u00edda pelas bombas?<\/p>\n<p style=\"text-align: justify;\">As crian\u00e7as n\u00e3o t\u00eam culpa nenhuma, voc\u00eas adultos t\u00eam que se entender.<\/p>\n<p style=\"text-align: justify;\">Os senhores deviam procurar ser felizes, sem fazer a guerra, sem matar pessoas, n\u00e3o imaginam o sofrimento que est\u00e3o a causar \u00e0s crian\u00e7as e \u00e0s suas fam\u00edlias\u201d.<\/p>\n<p style=\"text-align: justify;\">Queremos dizer a todas as crian\u00e7as da S\u00edria<\/p>\n<p style=\"text-align: justify;\">Que n\u00f3s estamos tristes pelo vosso pa\u00eds estar em guerra, gost\u00e1vamos muito que voc\u00eas fossem felizes, pudessem andar nas ruas, brincar, ir \u00e0 escola, sem terem medo das bombas.<\/p>\n<p style=\"text-align: justify;\">Sejam fortes, tenham esperan\u00e7a, n\u00e3o desistam das vossas vidas, n\u00e3o fiquem tristes, um dia voc\u00eas v\u00e3o ser livres, v\u00e3o ter uma vida melhor.<\/p>\n<p style=\"text-align: justify;\">Tenham muita for\u00e7a para ultrapassar esta guerra, juntos conseguem!<\/p>\n<p style=\"text-align: justify;\">Sigam o vosso cora\u00e7\u00e3o.<\/p>\n<p style=\"text-align: justify;\">Com a vossa fam\u00edlia procurem um lugar seguro.<\/p>\n<p style=\"text-align: justify;\">Tenham esperan\u00e7a: N\u00f3s rezamos por v\u00f3s.<\/p>\n<p style=\"text-align: justify;\">Rezamos tamb\u00e9m pelos vossos governantes para que se entendam e fa\u00e7am a paz no vosso bonito pa\u00eds.<\/p>\n<p style=\"text-align: justify;\">As crian\u00e7as do MAAC de Portugal est\u00e3o convosco.<\/p>\n<p style=\"text-align: justify;\">Um abra\u00e7o de todos n\u00f3s com o desejo de muita PAZ para a S\u00cdRIA.<\/p>\n<p style=\"text-align: justify;\">F\u00e1tima, 3 de mar\u00e7o de 2014<\/p>\n<p align=\"right\">Os Delegados dos grupos de base do MAAC<\/p>\n","protected":false},"excerpt":{"rendered":"<p>N\u00f3s, as crian\u00e7as e adolescentes do Movimento de Apostolado de Adolescentes e Crian\u00e7as, reunidas em Encontro Nacional de Delegados nos dias 2 e 3 de mar\u00e7o de 2014, em F\u00e1tima, queremos fazer um apelo aos senhores respons\u00e1veis pela guerra na S\u00edria e deixar uma mensagem de esperan\u00e7a para as crian\u00e7as v\u00edtimas da mesma. Senhores que [&hellip;]<\/p>\n","protected":false},"author":1,"featured_media":45,"comment_status":"open","ping_status":"open","sticky":false,"template":"","format":"standard","meta":{"_et_pb_use_builder":"","_et_pb_old_content":"","_et_gb_content_width":"","footnotes":""},"categories":[23,22],"tags":[],"class_list":["post-47","post","type-post","status-publish","format-standard","has-post-thumbnail","hentry","category-entrada","category-noticias"],"_links":{"self":[{"href":"https:\/\/sites.ecclesia.pt\/maac\/wp-json\/wp\/v2\/posts\/47","targetHints":{"allow":["GET"]}}],"collection":[{"href":"https:\/\/sites.ecclesia.pt\/maac\/wp-json\/wp\/v2\/posts"}],"about":[{"href":"https:\/\/sites.ecclesia.pt\/maac\/wp-json\/wp\/v2\/types\/post"}],"author":[{"embeddable":true,"href":"https:\/\/sites.ecclesia.pt\/maac\/wp-json\/wp\/v2\/users\/1"}],"replies":[{"embeddable":true,"href":"https:\/\/sites.ecclesia.pt\/maac\/wp-json\/wp\/v2\/comments?post=47"}],"version-history":[{"count":2,"href":"https:\/\/sites.ecclesia.pt\/maac\/wp-json\/wp\/v2\/posts\/47\/revisions"}],"predecessor-version":[{"id":165,"href":"https:\/\/sites.ecclesia.pt\/maac\/wp-json\/wp\/v2\/posts\/47\/revisions\/165"}],"wp:featuredmedia":[{"embeddable":true,"href":"https:\/\/sites.ecclesia.pt\/maac\/wp-json\/wp\/v2\/media\/45"}],"wp:attachment":[{"href":"https:\/\/sites.ecclesia.pt\/maac\/wp-json\/wp\/v2\/media?parent=47"}],"wp:term":[{"taxonomy":"category","embeddable":true,"href":"https:\/\/sites.ecclesia.pt\/maac\/wp-json\/wp\/v2\/categories?post=47"},{"taxonomy":"post_tag","embeddable":true,"href":"https:\/\/sites.ecclesia.pt\/maac\/wp-json\/wp\/v2\/tags?post=47"}],"curies":[{"name":"wp","href":"https:\/\/api.w.org\/{rel}","templated":true}]}}