{"id":6,"date":"2011-03-02T15:48:26","date_gmt":"2011-03-02T15:48:26","guid":{"rendered":"http:\/\/sites.ecclesia.pt\/maac\/2011\/03\/02\/o-que-e\/"},"modified":"2011-03-02T15:48:26","modified_gmt":"2011-03-02T15:48:26","slug":"o-que-e","status":"publish","type":"post","link":"https:\/\/sites.ecclesia.pt\/maac\/2011\/03\/02\/o-que-e\/","title":{"rendered":"O que \u00e9"},"content":{"rendered":"<p>\u201cO MAAC \u00e9 um Movimento de Ac\u00e7\u00e3o Cat\u00f3lica, essencialmente apost\u00f3lico: tem como objectivo fundamental fazer dos adolescentes e crian\u00e7as, agentes activos na evangeliza\u00e7\u00e3o.\u201d (Artigo 2\u00ba dos Estatutos)<\/p>\n<p>\u00a0<\/p>\n<p><img decoding=\"async\" class=\" alignright size-full wp-image-5\" src=\"https:\/\/sites.ecclesia.pt\/maac\/wp-content\/uploads\/2011\/03\/o-que-e-1.jpg\" border=\"0\" width=\"400\" style=\"float: right;\" srcset=\"https:\/\/sites.ecclesia.pt\/maac\/wp-content\/uploads\/2011\/03\/o-que-e-1.jpg 655w, https:\/\/sites.ecclesia.pt\/maac\/wp-content\/uploads\/2011\/03\/o-que-e-1-480x301.jpg 480w\" sizes=\"(min-width: 0px) and (max-width: 480px) 480px, (min-width: 481px) 655px, 100vw\" \/>O MAAC \u00e9 um Movimento de (e para) crian\u00e7as e adolescentes de todos os meios sociais (rural, urbano, oper\u00e1rio), com idades entre os 6 e os 16 anos. O Movimento tem uma aten\u00e7\u00e3o particular para com as crian\u00e7as e adolescentes mais desfavorecidos a n\u00edvel afectivo, cultural e econ\u00f3mico.<\/p>\n<p>Os grupos do MAAC s\u00e3o acompanhados por jovens ou adultos (acompanhantes), que fazem uma op\u00e7\u00e3o pelas crian\u00e7as\/adolescentes num compromisso de F\u00e9 em Jesus Cristo.<\/p>\n<p>Os acompanhantes fazem caminho com as crian\u00e7as\/adolescentes, apoiando-as a terem uma participa\u00e7\u00e3o activa no seu meio atrav\u00e9s de atitudes e ac\u00e7\u00f5es que realizam pelo bem-comum e a descobrirem os valores de Jesus Cristo na sua vida.<\/p>\n<p>Os 5 Pr\u00edncipios do MAAC:<\/p>\n<ol>\n<li>Movimento onde as crian\u00e7as\/adolescentes partilham a sua vida.<\/li>\n<li>Movimento onde as crian\u00e7as\/adolescentes t\u00eam uma ac\u00e7\u00e3o transformadora.<\/li>\n<li>Movimento onde as crian\u00e7as\/adolescentes descobrem e revelam Jesus Cristo atrav\u00e9s da sua vida e ac\u00e7\u00f5es.<\/li>\n<li>Movimento onde as crian\u00e7as\/adolescentes t\u00eam uma participa\u00e7\u00e3o activa.<\/li>\n<li>Movimento onde as crian\u00e7as\/adolescentes vivem a intercomunica\u00e7\u00e3o e uma dimens\u00e3o internacional.<\/li>\n<\/ol>\n<p>\u00a0<\/p>\n<p>A ac\u00e7\u00e3o do MAAC tem por base 5 Princ\u00edpios.<\/p>\n","protected":false},"excerpt":{"rendered":"<p>\u201cO MAAC \u00e9 um Movimento de Ac\u00e7\u00e3o Cat\u00f3lica, essencialmente apost\u00f3lico: tem como objectivo fundamental fazer dos adolescentes e crian\u00e7as, agentes activos na evangeliza\u00e7\u00e3o.\u201d (Artigo 2\u00ba dos Estatutos) \u00a0 O MAAC \u00e9 um Movimento de (e para) crian\u00e7as e adolescentes de todos os meios sociais (rural, urbano, oper\u00e1rio), com idades entre os 6 e os 16 [&hellip;]<\/p>\n","protected":false},"author":1,"featured_media":5,"comment_status":"open","ping_status":"open","sticky":false,"template":"","format":"standard","meta":{"_et_pb_use_builder":"","_et_pb_old_content":"","_et_gb_content_width":"","footnotes":""},"categories":[1],"tags":[],"class_list":["post-6","post","type-post","status-publish","format-standard","has-post-thumbnail","hentry","category-uncategorized"],"_links":{"self":[{"href":"https:\/\/sites.ecclesia.pt\/maac\/wp-json\/wp\/v2\/posts\/6","targetHints":{"allow":["GET"]}}],"collection":[{"href":"https:\/\/sites.ecclesia.pt\/maac\/wp-json\/wp\/v2\/posts"}],"about":[{"href":"https:\/\/sites.ecclesia.pt\/maac\/wp-json\/wp\/v2\/types\/post"}],"author":[{"embeddable":true,"href":"https:\/\/sites.ecclesia.pt\/maac\/wp-json\/wp\/v2\/users\/1"}],"replies":[{"embeddable":true,"href":"https:\/\/sites.ecclesia.pt\/maac\/wp-json\/wp\/v2\/comments?post=6"}],"version-history":[{"count":0,"href":"https:\/\/sites.ecclesia.pt\/maac\/wp-json\/wp\/v2\/posts\/6\/revisions"}],"wp:featuredmedia":[{"embeddable":true,"href":"https:\/\/sites.ecclesia.pt\/maac\/wp-json\/wp\/v2\/media\/5"}],"wp:attachment":[{"href":"https:\/\/sites.ecclesia.pt\/maac\/wp-json\/wp\/v2\/media?parent=6"}],"wp:term":[{"taxonomy":"category","embeddable":true,"href":"https:\/\/sites.ecclesia.pt\/maac\/wp-json\/wp\/v2\/categories?post=6"},{"taxonomy":"post_tag","embeddable":true,"href":"https:\/\/sites.ecclesia.pt\/maac\/wp-json\/wp\/v2\/tags?post=6"}],"curies":[{"name":"wp","href":"https:\/\/api.w.org\/{rel}","templated":true}]}}