{"id":1219,"date":"2014-09-12T15:23:59","date_gmt":"2014-09-12T15:23:59","guid":{"rendered":""},"modified":"2015-05-28T10:25:49","modified_gmt":"2015-05-28T10:25:49","slug":"como-peregrino-com-alma-de-emigrante-para-rezar-convosco-e-por-vos","status":"publish","type":"post","link":"https:\/\/sites.ecclesia.pt\/ocpm\/como-peregrino-com-alma-de-emigrante-para-rezar-convosco-e-por-vos\/","title":{"rendered":"Hom\u00edlia: Como peregrino com alma de emigrante para rezar convosco e por v\u00f3s!"},"content":{"rendered":"<p>Irm&atilde;os e Irm&atilde;s Peregrinos<\/p>\n<p>Irm&atilde;os e Irm&atilde;s Emigrantes<\/p>\n<p>&nbsp;<\/p>\n<p>1.V&oacute;s, irm&atilde;os peregrinos e emigrantes, trazeis convosco a recorda&ccedil;&atilde;o de longos caminhos, feitos de sonho e de aventura na procura de uma vida digna e de um trabalho honesto.<\/p>\n<p>V&oacute;s, irm&atilde;os peregrinos e emigrantes, sabeis valorizar os lugares de serenidade e de tranquilidade e os momentos de sil&ecirc;ncio e de ora&ccedil;&atilde;o, necess&aacute;rios para a vida!<\/p>\n<p>Quem caminha precisa de lugares de pausa no caminho.<\/p>\n<p>Quem mais longe quer chegar, necessita de descansar para avan&ccedil;ar. Quem deseja atingir a meta, agradece sempre os momentos de repouso que lhe d&atilde;o for&ccedil;as novas para o caminho.<\/p>\n<p>Quem j&aacute; v&ecirc;, no horizonte o Santu&aacute;rio, sente antecipadamente a b&ecirc;n&ccedil;&atilde;o de a&iacute; chegar.<\/p>\n<p>Venho aqui, tamb&eacute;m eu, como peregrino com alma de emigrante para rezar convosco e por v&oacute;s!<\/p>\n<p>&nbsp;<\/p>\n<p>Estamos no Santu&aacute;rio da Cova da Iria, neste ch&atilde;o sagrado onde Nossa Senhora se manifestou aos tr&ecirc;s pastorinhos: L&uacute;cia, Jacinta e Francisco. Viemos de longe no tempo e percorremos demoradas dist&acirc;ncias desde as nossas terras de origem, donde partimos, e desde os pa&iacute;ses de emigra&ccedil;&atilde;o, onde viveis.  Este Santu&aacute;rio &eacute; Casa que nos acolhe, independentemente da nossa origem, idade, cultura ou l&iacute;ngua. Aqui est&aacute; erguida a Mesa comum de fam&iacute;lia, transformada em altar do mundo. Por aqui passa todos os anos o caminho dos emigrantes que de Portugal partiram e dos imigrantes que a Portugal chegaram.<\/p>\n<p>&nbsp;<\/p>\n<p>2.A primeira leitura do livro do Deuteron&oacute;mio oferece-nos conselhos oportunos e d&aacute;-nos ordens imperativas da parte do Senhor, Deus de Israel. O autor deste texto recorda ao povo de Israel as leis que devem guiar a sua vida de povo com cora&ccedil;&atilde;o e de na&ccedil;&atilde;o com mem&oacute;ria. Israel foi povo emigrante no Egito. Foi estrangeiro e foi escravo, a quem Deus libertou. Nunca deve esquecer esta condi&ccedil;&atilde;o de vida que decidiu o seu caminho ao longo da hist&oacute;ria!<\/p>\n<p>N&atilde;o pode ignorar o dever de cuidar dos estrangeiros com justi&ccedil;a e de os acolher com largueza de cora&ccedil;&atilde;o (Dt 24, 17-22).   S. Paulo na carta aos Romanos, que ouvimos na segunda leitura, concretiza esta forma de acolher o estrangeiro e convida os crist&atilde;os a uma hospitalidade fundada na caridade fraterna (Rom 12, 9-16).<\/p>\n<p>&Agrave; luz da f&eacute; e por mandato de Cristo n&atilde;o pode haver estrangeiros entre n&oacute;s. Somos irm&atilde;os, &agrave; luz do mandamento novo do Evangelho, que nos manda &ldquo;amar o Senhor, nosso Deus sobre todas as coisas, com todo o nosso cora&ccedil;&atilde;o, com toda a alma, com todas as for&ccedil;as e com todo o entendimento e ao pr&oacute;ximo como a n&oacute;s mesmos&rdquo; (Lc 10, 25-37).<\/p>\n<p>A exemplo do samaritano do Evangelho, devemos, tamb&eacute;m n&oacute;s, ser acolhedores, hospitaleiros e cuidadores dos que vivem perto e dos que v&ecirc;m de longe. Atentos aos vizinhos e aos de fora. O Evangelho de hoje convida-nos a olhar com o olhar de Deus o &iacute;ntimo das pessoas e a ir ao encontro das novas periferias existenciais e sociais, habitadas por novos surtos de emigrantes que batem &agrave;s portas, tantas vezes fechadas, da Europa e do Mundo.<\/p>\n<p>O Evangelho diz-nos que a for&ccedil;a do samaritano n&atilde;o est&aacute; no conhecimento humano, n&atilde;o lhe vem da identidade p&aacute;tria, n&atilde;o nasce do interesse moment&acirc;neo nem surge da expectativa de gratid&atilde;o. A decis&atilde;o do samaritano brota da inspira&ccedil;&atilde;o divina e nasce da alma humana que se compadece diante de um irm&atilde;o que sofre as agruras do caminho, porque foi v&iacute;tima dos malfeitores. Esta &eacute; tamb&eacute;m a for&ccedil;a da miss&atilde;o de cada um de n&oacute;s.&nbsp;A for&ccedil;a do crist&atilde;o nasce de Jesus, que nos diz: &ldquo;Vai e faz, tu tamb&eacute;m, o mesmo&rdquo; ( Lc 10, 25-37).<\/p>\n<p>&nbsp;<\/p>\n<p>3. Este desejo de viver assim motiva-nos e mobiliza-nos para a miss&atilde;o da Igreja. Foi assim que os pastorinhos entenderam a mensagem que Nossa Senhora lhes trouxe neste lugar. O Santu&aacute;rio de F&aacute;tima tem sido, ao longo destes 97 anos, escola do Evangelho, onde se aprende a hospitalidade, onde se vive a fraternidade, onde se experimenta a proximidade da f&eacute;, onde se afirma a for&ccedil;a de Deus que anima tantas vidas, ajuda tantas fam&iacute;lias, alivia tantas dores e acalenta tantos sonhos.<\/p>\n<p>H&aacute; horas na vida de emigra&ccedil;&atilde;o, em que s&oacute; Deus nos pode ajudar e em que s&oacute; Deus nos basta!<\/p>\n<p>H&aacute; momentos na vida dos pobres em que mesmo aqueles que pensam estar a ajudar ofendem!<\/p>\n<p>Compreendemos, por isso, que sejam os pobres aqueles que mais recorrem a Deus e mais precisam de encontrar verdadeiros irm&atilde;os.<\/p>\n<p>Conhe&ccedil;o, por experi&ecirc;ncia, o que &eacute; ser emigrante com os emigrantes. Sei o que significa ser filho e neto de emigrantes e perder o pai l&aacute; longe no Brasil, de onde nunca regressara, mas que nunca nos faltara &agrave; minha m&atilde;e e a mim com o carinho do seu amor, com a palavra escrita dos seus conselhos e com a ajuda imprescind&iacute;vel do fruto do seu trabalho, realizado em prolongadas horas de todos os dias, por amor da esposa e do filho.   Hoje estamos aqui e trazemos connosco a hist&oacute;ria da nossa vida, para a colocarmos no Cora&ccedil;&atilde;o da M&atilde;e, a Senhora vestida de branco, que inundou de luz o cora&ccedil;&atilde;o dos Pastorinhos.<\/p>\n<p>Nesta noite santa, a chama das nossas velas transformou este Santu&aacute;rio num oceano imenso de luz, de b&ecirc;n&ccedil;&atilde;o e de paz. Encontramos neste Santu&aacute;rio a gra&ccedil;a da alegria e da paz e a b&ecirc;n&ccedil;&atilde;o da hospitalidade e da fraternidade. Abrir-se-&atilde;o, a partir daqui, caminhos novos rumo a um mundo melhor, como nos prop&otilde;e o lema desta 42.&ordf; Semana Nacional das Migra&ccedil;&otilde;es.  A hist&oacute;ria do mundo nunca se far&aacute; &agrave; margem da emigra&ccedil;&atilde;o e sem os emigrantes, nem o futuro da Humanidade se poder&aacute; pensar contra os emigrantes.  A Igreja tem, tamb&eacute;m, esta miss&atilde;o: lembrar ao mundo e a cada povo que trazemos em n&oacute;s as marcas de povos estrangeiros e transportamos connosco as dores e os valores, as l&aacute;grimas e os &ecirc;xitos, os testemunhos de vida e de trabalho e a mem&oacute;ria da coragem e da f&eacute; dos emigrantes.<\/p>\n<p>&nbsp;<\/p>\n<p>4. Rezemos todos juntos por esta miss&atilde;o da Igreja, para que seja sempre miss&atilde;o vivida e realizada a favor dos pobres, dos estrangeiros, dos exilados, dos refugiados, das v&iacute;timas de tr&aacute;fico humano.<\/p>\n<p>Rezemos pelos que vivem longe da paz e da p&aacute;tria, pelos que procuram o bem e a justi&ccedil;a e pelos que anseiam pela liberdade e pela fraternidade. Pertence-nos fazer nossa, esta urgente miss&atilde;o da Igreja!<\/p>\n<p>Estamos nestes dias particularmente unidos ao Papa Francisco, que amanh&atilde; vai iniciar a viagem apost&oacute;lica &agrave; Coreia, noutro horizonte da mesma miss&atilde;o, para a&iacute; levar tamb&eacute;m a alegria do Evangelho.<\/p>\n<p>Queremos e devemos rezar, aqui, pelos crist&atilde;os perseguidos do Iraque, da Nig&eacute;ria e da &Iacute;ndia.<\/p>\n<p>Queremos e devemos rezar com acrescida comunh&atilde;o pela Palestina, pela S&iacute;ria, pela Ucr&acirc;nia e Israel e por todos os pa&iacute;ses e povos onde a paz demora tanto a chegar!<\/p>\n<p>&nbsp;<\/p>\n<p>5. Que Nossa Senhora de F&aacute;tima e os Beatos Francisco e Jacinta nos ajudem nesta miss&atilde;o de fraternidade e de paz e nos acompanhem neste caminho de servi&ccedil;o aos emigrantes e neste sonho rumo a um mundo melhor! &Aacute;men!<\/p>\n<p>&nbsp;<\/p>\n<p style=\"text-align: right;\">Santu&aacute;rio de F&aacute;tima, 12 de agosto de 2014 Ant&oacute;nio Francisco dos Santos, bispo do Porto<\/p>\n","protected":false},"excerpt":{"rendered":"<p>Homilia na Eucaristia da Vig\u00edlia na Peregrina\u00e7\u00e3o Anivers\u00e1ria de agosto ao Santu\u00e1rio de F\u00e1tima<\/p>\n","protected":false},"author":1,"featured_media":0,"comment_status":"open","ping_status":"open","sticky":false,"template":"","format":"standard","meta":{"_et_pb_use_builder":"","_et_pb_old_content":"","_et_gb_content_width":"","footnotes":""},"categories":[5],"tags":[],"class_list":["post-1219","post","type-post","status-publish","format-standard","hentry","category-documentos"],"_links":{"self":[{"href":"https:\/\/sites.ecclesia.pt\/ocpm\/wp-json\/wp\/v2\/posts\/1219","targetHints":{"allow":["GET"]}}],"collection":[{"href":"https:\/\/sites.ecclesia.pt\/ocpm\/wp-json\/wp\/v2\/posts"}],"about":[{"href":"https:\/\/sites.ecclesia.pt\/ocpm\/wp-json\/wp\/v2\/types\/post"}],"author":[{"embeddable":true,"href":"https:\/\/sites.ecclesia.pt\/ocpm\/wp-json\/wp\/v2\/users\/1"}],"replies":[{"embeddable":true,"href":"https:\/\/sites.ecclesia.pt\/ocpm\/wp-json\/wp\/v2\/comments?post=1219"}],"version-history":[{"count":2,"href":"https:\/\/sites.ecclesia.pt\/ocpm\/wp-json\/wp\/v2\/posts\/1219\/revisions"}],"predecessor-version":[{"id":1655,"href":"https:\/\/sites.ecclesia.pt\/ocpm\/wp-json\/wp\/v2\/posts\/1219\/revisions\/1655"}],"wp:attachment":[{"href":"https:\/\/sites.ecclesia.pt\/ocpm\/wp-json\/wp\/v2\/media?parent=1219"}],"wp:term":[{"taxonomy":"category","embeddable":true,"href":"https:\/\/sites.ecclesia.pt\/ocpm\/wp-json\/wp\/v2\/categories?post=1219"},{"taxonomy":"post_tag","embeddable":true,"href":"https:\/\/sites.ecclesia.pt\/ocpm\/wp-json\/wp\/v2\/tags?post=1219"}],"curies":[{"name":"wp","href":"https:\/\/api.w.org\/{rel}","templated":true}]}}