{"id":1221,"date":"2014-09-24T17:00:13","date_gmt":"2014-09-24T17:00:13","guid":{"rendered":""},"modified":"2015-03-15T17:26:32","modified_gmt":"2015-03-15T17:26:32","slug":"migracoes-francisco-apela-a-acao-concertada-contra-trafico-de-pessoas-e-escravatura","status":"publish","type":"post","link":"https:\/\/sites.ecclesia.pt\/ocpm\/migracoes-francisco-apela-a-acao-concertada-contra-trafico-de-pessoas-e-escravatura\/","title":{"rendered":"Migra\u00e7\u00f5es: Francisco apela a a\u00e7\u00e3o concertada contra tr\u00e1fico de pessoas e escravatura"},"content":{"rendered":"<p style=\"text-align: justify;\">Cidade do Vaticano, 23 set 2014&nbsp;<\/p>\n<p style=\"text-align: justify;\">&ldquo;Assim ser&aacute; mais incisiva a luta contra o tr&aacute;fico vergonhoso e criminal de seres humanos, contra a viola&ccedil;&atilde;o dos direitos fundamentais, contra todas as formas de viol&ecirc;ncia, opress&atilde;o e redu&ccedil;&atilde;o &agrave; escravid&atilde;o&rdquo;, escreve, na mensagem para o pr&oacute;ximo Dia Mundial do Migrante e Refugiado, que as comunidades cat&oacute;licas v&atilde;o celebrar a 18 de janeiro de 2015. O texto, divulgado esta manh&atilde; pela Santa S&eacute;, tem como tema &lsquo;Igreja sem fronteiras, m&atilde;e de todos&rsquo;. &ldquo;A Igreja sem fronteiras, m&atilde;e de todos, propaga no mundo a cultura do acolhimento e da solidariedade, segundo a qual ningu&eacute;m deve ser considerado in&uacute;til, intruso ou descart&aacute;vel&rdquo;, escreve Francisco.<\/p>\n<p style=\"text-align: justify;\">&nbsp;<\/p>\n<p style=\"text-align: justify;\">O Papa observa que nos dias de hoje s&atilde;o muitos os que deixam a sua terra de origem para &ldquo;empreender a arriscada viagem da esperan&ccedil;a&rdquo;, &agrave; procura de melhores condi&ccedil;&otilde;es de vida. Estes movimentos migrat&oacute;rios, acrescenta, suscitam &ldquo;desconfian&ccedil;a e hostilidade&rdquo;, inclusive nas comunidades eclesiais, sem dar aten&ccedil;&atilde;o &agrave;s &ldquo;hist&oacute;rias de vida, de persegui&ccedil;&atilde;o ou de mis&eacute;ria das pessoas envolvidas&rdquo;. &ldquo;Neste caso, as suspeitas e preconceitos est&atilde;o em contraste com o mandamento b&iacute;blico de acolher, com respeito e solidariedade, o estrangeiro necessitado&rdquo;, lamenta Francisco.<\/p>\n<p style=\"text-align: justify;\">&nbsp;<\/p>\n<p style=\"text-align: justify;\">A mensagem desafia os cat&oacute;licos a estar com quem sofre, &ldquo;com todas as v&iacute;timas inocentes da viol&ecirc;ncia e explora&ccedil;&atilde;o&rdquo;, sublinhando que o car&aacute;ter multicultural das sociedades de hoje &ldquo;encoraja a Igreja a assumir novos compromissos de solidariedade, comunh&atilde;o e evangeliza&ccedil;&atilde;o&rdquo;. Francisco admite que os movimentos migrat&oacute;rios assumiram &ldquo;tais propor&ccedil;&otilde;es&rdquo; que exigem a &ldquo;colabora&ccedil;&atilde;o sistem&aacute;tica e concreta&rdquo; entre Estados e organiza&ccedil;&otilde;es internacionais.<\/p>\n<p style=\"text-align: justify;\">&nbsp;<\/p>\n<p style=\"text-align: justify;\">&ldquo;&Agrave; globaliza&ccedil;&atilde;o do fen&oacute;meno migrat&oacute;rio &eacute; preciso responder com a globaliza&ccedil;&atilde;o da caridade e da coopera&ccedil;&atilde;o, a fim de se humanizar as condi&ccedil;&otilde;es dos migrantes&rdquo;, sustenta. A pol&iacute;tica migrat&oacute;ria internacional, observa o Papa, deve passar por criar as condi&ccedil;&otilde;es para que as pessoas possam ficar na sua terra, o que implica &ldquo;uma ordem econ&oacute;mico-financeira mais justa e equitativa&rdquo;, juntamente com um maior empenho em favor da paz.<\/p>\n<p style=\"text-align: justify;\">A mensagem conclui-se com uma sauda&ccedil;&atilde;o aos &ldquo;queridos migrantes e refugiados&rdquo;, dizendo-lhes que t&ecirc;m &ldquo;um lugar especial no cora&ccedil;&atilde;o da Igreja&rdquo;. O texto foi apresentado em confer&ecirc;ncia de imprensa pelo presidente do Conselho Pontif&iacute;cio para a Pastoral dos Migrantes e Refugiados, cardeal Antonio Maria Vegli&ograve;, que se manifestou contra a criminaliza&ccedil;&atilde;o dos imigrantes.<\/p>\n<p style=\"text-align: justify;\">&nbsp;<\/p>\n<p>OC<\/p>\n<p>&nbsp;<\/p>\n<p class=\"MsoNormal\"><a href=\"http:\/\/w2.vatican.va\/content\/francesco\/pt\/messages\/migration\/documents\/papa-francesco_20140903_world-migrants-day-2015.html\">http:\/\/w2.vatican.va\/content\/francesco\/pt\/messages\/migration\/documents\/papa-francesco_20140903_world-migrants-day-2015.html<\/a><\/p>\n","protected":false},"excerpt":{"rendered":"<p>\u00abIgreja sem fronteiras, m\u00e3e de todos\u00bb \u00e9 o tema escolhido pelo Papa para o pr\u00f3ximo Dia Mundial do Migrante e Refugiado<\/p>\n","protected":false},"author":1,"featured_media":0,"comment_status":"open","ping_status":"open","sticky":false,"template":"","format":"standard","meta":{"_et_pb_use_builder":"","_et_pb_old_content":"","_et_gb_content_width":"","footnotes":""},"categories":[5],"tags":[],"class_list":["post-1221","post","type-post","status-publish","format-standard","hentry","category-documentos"],"_links":{"self":[{"href":"https:\/\/sites.ecclesia.pt\/ocpm\/wp-json\/wp\/v2\/posts\/1221","targetHints":{"allow":["GET"]}}],"collection":[{"href":"https:\/\/sites.ecclesia.pt\/ocpm\/wp-json\/wp\/v2\/posts"}],"about":[{"href":"https:\/\/sites.ecclesia.pt\/ocpm\/wp-json\/wp\/v2\/types\/post"}],"author":[{"embeddable":true,"href":"https:\/\/sites.ecclesia.pt\/ocpm\/wp-json\/wp\/v2\/users\/1"}],"replies":[{"embeddable":true,"href":"https:\/\/sites.ecclesia.pt\/ocpm\/wp-json\/wp\/v2\/comments?post=1221"}],"version-history":[{"count":1,"href":"https:\/\/sites.ecclesia.pt\/ocpm\/wp-json\/wp\/v2\/posts\/1221\/revisions"}],"predecessor-version":[{"id":1306,"href":"https:\/\/sites.ecclesia.pt\/ocpm\/wp-json\/wp\/v2\/posts\/1221\/revisions\/1306"}],"wp:attachment":[{"href":"https:\/\/sites.ecclesia.pt\/ocpm\/wp-json\/wp\/v2\/media?parent=1221"}],"wp:term":[{"taxonomy":"category","embeddable":true,"href":"https:\/\/sites.ecclesia.pt\/ocpm\/wp-json\/wp\/v2\/categories?post=1221"},{"taxonomy":"post_tag","embeddable":true,"href":"https:\/\/sites.ecclesia.pt\/ocpm\/wp-json\/wp\/v2\/tags?post=1221"}],"curies":[{"name":"wp","href":"https:\/\/api.w.org\/{rel}","templated":true}]}}