{"id":2326,"date":"2016-04-04T10:53:23","date_gmt":"2016-04-04T10:53:23","guid":{"rendered":"http:\/\/www.portal.ecclesia.pt\/ocpm\/v2\/?p=2326"},"modified":"2016-04-04T10:53:23","modified_gmt":"2016-04-04T10:53:23","slug":"e-se-fosse-eu","status":"publish","type":"post","link":"https:\/\/sites.ecclesia.pt\/ocpm\/e-se-fosse-eu\/","title":{"rendered":"E se fosse eu?"},"content":{"rendered":"<p><a href=\"http:\/\/www.esefosseeu.pt\/\">\u201cE se fosse eu?\u201d<\/a>, um desafio, lan\u00e7ado aos estudantes do ensino b\u00e1sico e secund\u00e1rio, a n\u00edvel nacional, no\u00a0Dia Internacional Contra a Discrimina\u00e7\u00e3o Racial (21 de mar\u00e7o)\u00a0para que no pr\u00f3ximo dia 6 de abril se coloquem na pele de um refugiado e arrumem a sua mochila como se estivessem a fugir da guerra, a sair da sua casa e deixar o seu pa\u00eds.<\/p>\n<p>Antes da partida t\u00eam de selecionar as poucas coisas que podem levar consigo num trajeto de milhares de quil\u00f3metros.\u00a0<em>\u00c9 isso que acontece \u00e0s fam\u00edlias de refugiados que partem da S\u00edria, deixando tudo para tr\u00e1s.<\/em><\/p>\n<p>O plano \u00e9 que na primeira aula, a\u00a06 de abril, al\u00e9m deste desafio, seja feita uma reflex\u00e3o entre o professor e os alunos sobre o que \u00e9 ser refugiado.<\/p>\n<p>Ainda que se trate de uma simula\u00e7\u00e3o, o ser-se colocado perante esta experi\u00eancia vai fazer perceber um pouco melhor o que quer dizer a vida de\u00a0refugiado.<\/p>\n<p>\u201cE se fosse eu?\u201d \u00e9 uma iniciativa conjunta da Plataforma de Apoio aos Refugiados (PAR), da Direc\u00e7\u00e3o Geral da Educa\u00e7\u00e3o, do Alto Comissariado para as Migra\u00e7\u00f5es e do Conselho Nacional da Juventude,inspirada no projeto\u00a0\u201cWhat\u2019s In My Bag?\u201d desenvolvido pelo\u00a0<a style=\"font-weight: inherit; font-style: inherit;\" href=\"https:\/\/www.rescue.org\/\">International Rescue Comitee<\/a>\u00a0em colabora\u00e7\u00e3o com o fot\u00f3grafo Tyler Jump.<\/p>\n<p>Cr\u00ea-se que esta\u00a0iniciativa tem uma dimens\u00e3o important\u00edssima de educa\u00e7\u00e3o para a cidadania e de perceber que nenhuma comunidade e nenhum pa\u00eds est\u00e3o isentos do risco de poder, um dia, ter uma situa\u00e7\u00e3o de conflito, de crise e ser obrigada a fugir.\u00a0Mas tamb\u00e9m representar\u00e1 um exerc\u00edcio de mobiliza\u00e7\u00e3o dos jovens para esta causa do acolhimento e integra\u00e7\u00e3o dos refugiados.<\/p>\n<p>A prop\u00f3sito da campanha \u201cE se fosse eu?\u201d, Rui Marques, Coordenador da PAR diz tratar-se \u201cde um\u00a0exerc\u00edcio de empatia com quem foge da guerra na S\u00edria\u00a0\u00a0e procura prote\u00e7\u00e3o humanit\u00e1ria. Perceber o que quer dizer deixar tudo para tr\u00e1s, ter de selecionar o que \u00e9 mais importante e viver s\u00f3 com uma mochila numa jornada de perigos e de incertezas. Queremos fazer com que os jovens reflitam e debatam sobre o que gostariam de encontrar se vivessem esta situa\u00e7\u00e3o\u201d.<\/p>\n<p>At\u00e9 ao momento, chegaram a Portugal 149 refugiados distribu\u00eddos e acolhidos por v\u00e1rias organiza\u00e7\u00f5es de todo o pa\u00eds.<\/p>\n<p>Mais informa\u00e7\u00f5es e inscri\u00e7\u00f5es sobre a campanha em www.esefosseeu.pt<\/p>\n<p>&nbsp;<\/p>\n","protected":false},"excerpt":{"rendered":"<p>\u201cE se fosse eu?\u201d, um desafio, lan\u00e7ado aos estudantes do ensino b\u00e1sico e secund\u00e1rio, a n\u00edvel nacional, no\u00a0Dia Internacional Contra a Discrimina\u00e7\u00e3o Racial (21 de mar\u00e7o)\u00a0para que no pr\u00f3ximo dia 6 de abril se coloquem na pele de um refugiado e arrumem a sua mochila como se estivessem a fugir da guerra, a sair da [&hellip;]<\/p>\n","protected":false},"author":2,"featured_media":2325,"comment_status":"closed","ping_status":"closed","sticky":false,"template":"","format":"standard","meta":{"_et_pb_use_builder":"","_et_pb_old_content":"","_et_gb_content_width":"","footnotes":""},"categories":[12,6],"tags":[],"class_list":["post-2326","post","type-post","status-publish","format-standard","has-post-thumbnail","hentry","category-campanhas","category-informacoes"],"_links":{"self":[{"href":"https:\/\/sites.ecclesia.pt\/ocpm\/wp-json\/wp\/v2\/posts\/2326","targetHints":{"allow":["GET"]}}],"collection":[{"href":"https:\/\/sites.ecclesia.pt\/ocpm\/wp-json\/wp\/v2\/posts"}],"about":[{"href":"https:\/\/sites.ecclesia.pt\/ocpm\/wp-json\/wp\/v2\/types\/post"}],"author":[{"embeddable":true,"href":"https:\/\/sites.ecclesia.pt\/ocpm\/wp-json\/wp\/v2\/users\/2"}],"replies":[{"embeddable":true,"href":"https:\/\/sites.ecclesia.pt\/ocpm\/wp-json\/wp\/v2\/comments?post=2326"}],"version-history":[{"count":1,"href":"https:\/\/sites.ecclesia.pt\/ocpm\/wp-json\/wp\/v2\/posts\/2326\/revisions"}],"predecessor-version":[{"id":2327,"href":"https:\/\/sites.ecclesia.pt\/ocpm\/wp-json\/wp\/v2\/posts\/2326\/revisions\/2327"}],"wp:featuredmedia":[{"embeddable":true,"href":"https:\/\/sites.ecclesia.pt\/ocpm\/wp-json\/wp\/v2\/media\/2325"}],"wp:attachment":[{"href":"https:\/\/sites.ecclesia.pt\/ocpm\/wp-json\/wp\/v2\/media?parent=2326"}],"wp:term":[{"taxonomy":"category","embeddable":true,"href":"https:\/\/sites.ecclesia.pt\/ocpm\/wp-json\/wp\/v2\/categories?post=2326"},{"taxonomy":"post_tag","embeddable":true,"href":"https:\/\/sites.ecclesia.pt\/ocpm\/wp-json\/wp\/v2\/tags?post=2326"}],"curies":[{"name":"wp","href":"https:\/\/api.w.org\/{rel}","templated":true}]}}