{"id":2701,"date":"2017-01-18T15:46:17","date_gmt":"2017-01-18T15:46:17","guid":{"rendered":"http:\/\/sites.ecclesia.pt\/ocpm\/?p=2701"},"modified":"2017-01-18T15:46:17","modified_gmt":"2017-01-18T15:46:17","slug":"mensagem-do-cristiano-ronaldo-as-criancas-da-siria","status":"publish","type":"post","link":"https:\/\/sites.ecclesia.pt\/ocpm\/mensagem-do-cristiano-ronaldo-as-criancas-da-siria\/","title":{"rendered":"Mensagem do Cristiano Ronaldo \u00e0s crian\u00e7as da S\u00edria"},"content":{"rendered":"<div style=\"width: 854px;\" class=\"wp-video\"><video class=\"wp-video-shortcode\" id=\"video-2701-1\" width=\"854\" height=\"480\" preload=\"metadata\" controls=\"controls\"><source type=\"video\/mp4\" src=\"https:\/\/sites.ecclesia.pt\/ocpm\/wp-content\/uploads\/From-Kara-Tepe-Refugee-Village-to-CR7-long-version.mp4?_=1\" \/><a href=\"https:\/\/sites.ecclesia.pt\/ocpm\/wp-content\/uploads\/From-Kara-Tepe-Refugee-Village-to-CR7-long-version.mp4\">https:\/\/sites.ecclesia.pt\/ocpm\/wp-content\/uploads\/From-Kara-Tepe-Refugee-Village-to-CR7-long-version.mp4<\/a><\/video><\/div>\n","protected":false},"excerpt":{"rendered":"","protected":false},"author":2,"featured_media":0,"comment_status":"closed","ping_status":"closed","sticky":false,"template":"","format":"video","meta":{"_et_pb_use_builder":"","_et_pb_old_content":"","_et_gb_content_width":"","footnotes":""},"categories":[12],"tags":[],"class_list":["post-2701","post","type-post","status-publish","format-video","hentry","category-campanhas","post_format-post-format-video"],"_links":{"self":[{"href":"https:\/\/sites.ecclesia.pt\/ocpm\/wp-json\/wp\/v2\/posts\/2701","targetHints":{"allow":["GET"]}}],"collection":[{"href":"https:\/\/sites.ecclesia.pt\/ocpm\/wp-json\/wp\/v2\/posts"}],"about":[{"href":"https:\/\/sites.ecclesia.pt\/ocpm\/wp-json\/wp\/v2\/types\/post"}],"author":[{"embeddable":true,"href":"https:\/\/sites.ecclesia.pt\/ocpm\/wp-json\/wp\/v2\/users\/2"}],"replies":[{"embeddable":true,"href":"https:\/\/sites.ecclesia.pt\/ocpm\/wp-json\/wp\/v2\/comments?post=2701"}],"version-history":[{"count":1,"href":"https:\/\/sites.ecclesia.pt\/ocpm\/wp-json\/wp\/v2\/posts\/2701\/revisions"}],"predecessor-version":[{"id":2702,"href":"https:\/\/sites.ecclesia.pt\/ocpm\/wp-json\/wp\/v2\/posts\/2701\/revisions\/2702"}],"wp:attachment":[{"href":"https:\/\/sites.ecclesia.pt\/ocpm\/wp-json\/wp\/v2\/media?parent=2701"}],"wp:term":[{"taxonomy":"category","embeddable":true,"href":"https:\/\/sites.ecclesia.pt\/ocpm\/wp-json\/wp\/v2\/categories?post=2701"},{"taxonomy":"post_tag","embeddable":true,"href":"https:\/\/sites.ecclesia.pt\/ocpm\/wp-json\/wp\/v2\/tags?post=2701"}],"curies":[{"name":"wp","href":"https:\/\/api.w.org\/{rel}","templated":true}]}}