{"id":2988,"date":"2017-10-12T15:29:24","date_gmt":"2017-10-12T15:29:24","guid":{"rendered":"http:\/\/sites.ecclesia.pt\/ocpm\/?p=2988"},"modified":"2017-10-12T15:29:24","modified_gmt":"2017-10-12T15:29:24","slug":"todos-a-mesa-por-uma-mesa-para-todos","status":"publish","type":"post","link":"https:\/\/sites.ecclesia.pt\/ocpm\/todos-a-mesa-por-uma-mesa-para-todos\/","title":{"rendered":"Todos \u00e0 mesa por uma Mesa para todos"},"content":{"rendered":"<div id=\"page-container\" class=\"et-animated-content\">\n<div id=\"et-main-area\">\n<div id=\"main-content\">\n<div class=\"container\">\n<div id=\"content-area\" class=\"clearfix\">\n<div id=\"left-area\">\n<article id=\"post-5667\" class=\"et_pb_post post-5667 post type-post status-publish format-standard has-post-thumbnail hentry category-homepage category-portugal category-projeto-o-mundo-a-mesa\">\n<div class=\"entry-content\">\n<div class=\"et_pb_section  et_pb_section_1 et_section_regular\">\n<div class=\" et_pb_row et_pb_row_0\">\n<div class=\"et_pb_column et_pb_column_2_3  et_pb_column_0\">\n<div class=\"et_pb_text et_pb_module et_pb_bg_layout_light et_pb_text_align_left  et_pb_text_0\">\n<div class=\"et_pb_text_inner\">\n<p>\u201cTodos \u00e0 Mesa por uma Mesa para Todos\u201d. Este \u00e9 o mote para o encontro inter religioso que se vai realizar na pr\u00f3xima segunda feira, dia 16 de outubro \u2013 Dia Mundial da Alimenta\u00e7\u00e3o \u2013 na Mesquita de Lisboa. Promovido em conjunto pela Comunidade Isl\u00e2mica de Lisboa e pela FEC, este encontro une-se \u00e0 participa\u00e7\u00e3o do Papa Francisco nas celebra\u00e7\u00f5es deste dia na FAO em Roma.<\/p>\n<p>Em formato de jantar tert\u00falia, re\u00fanem-se \u00e0 mesa representantes de diferentes confiss\u00f5es religiosas, o Diretor da FAO para a CPLP, o respons\u00e1vel pela Comiss\u00e3o Nacional de Combate ao Desperd\u00edcio Alimentar e o Secret\u00e1rio de Estado das Florestas e Desenvolvimento Rural.<\/p>\n<p>Hoje em dia o planeta produz alimentos suficientes para todos e, no entanto, mais de 800 milh\u00f5es de pessoas no mundo sofrem de fome. Os conflitos crescentes e prolongados, o efeito das altera\u00e7\u00f5es clim\u00e1ticas e o desinvestimento nas zonas rurais s\u00e3o factores que t\u00eam vindo a agravar a realidade deste Direito Humano b\u00e1sico, que est\u00e1 no cora\u00e7\u00e3o da Agenda 2030 (Objectivos de Desenvolvimento Sustent\u00e1veis). Todos somos necess\u00e1rios e respons\u00e1veis por n\u00e3o deixar ningu\u00e9m para tr\u00e1s. Que o nosso lugar \u00e0 Mesa nos torne conscientes e solid\u00e1rios com todos os que n\u00e3o t\u00eam esse lugar.<\/p>\n<p><strong>Inscri\u00e7\u00f5es at\u00e9 ao dia 15 de outubro para <a href=\"mailto:margarida.alvim@fecongd.org\">margarida.alvim@fecongd.org<\/a> ou <a href=\"mailto:mabed.g@gmail.com\">mabed.g@gmail.com<\/a><\/strong><\/p>\n<p>Pre\u00e7o: 12\u20ac (Jantar buffet com um prato vegetariano)<\/p>\n<p><strong>PROGRAMA<\/strong><\/p>\n<ul>\n<li>19h30 \u2013 Jantar buffet<\/li>\n<li>21h00 \u2013 Tert\u00falia \u201c\u00c0 Mesa com\u2026\u201d<\/li>\n<li>22h00 \u2013 Testemunhos das confiss\u00f5es religiosas<\/li>\n<li>23h00 \u2013 Manifesto por uma alimenta\u00e7\u00e3o adequada para todos<\/li>\n<li>23h30 \u2013 Encerramento<\/li>\n<\/ul>\n<p><strong>\u201c\u00c0 MESA COM\u2026\u201d<\/strong><\/p>\n<ul>\n<li>Sheik Munir \u2013 Im\u00e3 da Mesquita de Lisboa<\/li>\n<li>Pe. Jos\u00e9 Vieira, Mission\u00e1rio Comboniano, Presidente da Confer\u00eancia dos Institutos Religiosos<\/li>\n<li>Francisco Sarmento, Respons\u00e1vel da FAO em Portugal e na CPLP<\/li>\n<li>Miguel Jo\u00e3o de Freitas \u2013 Secret\u00e1rio de Estados das Florestas e do Desenvolvimento Rural (por confirmar)<\/li>\n<li>Eduardo Diniz \u2013 Comiss\u00e3o Nacional de Combate ao Desperd\u00edcio Alimentar<\/li>\n<li>Jos\u00e9 Paulo Oliveira \u2013 Ci\u00eancia das Religi\u00f5es, Universidade Lus\u00f3fona \u2013 CEO OLAE<\/li>\n<li>Joaquim Franco \u2013 Jornalista, SIC (Moderador)<\/li>\n<\/ul>\n<\/div>\n<\/div>\n<\/div>\n<\/div>\n<\/div>\n<\/div>\n<\/article>\n<\/div>\n<\/div>\n<\/div>\n<\/div>\n<\/div>\n<\/div>\n","protected":false},"excerpt":{"rendered":"<p>\u201cTodos \u00e0 Mesa por uma Mesa para Todos\u201d. Este \u00e9 o mote para o encontro inter religioso que se vai realizar na pr\u00f3xima segunda feira, dia 16 de outubro \u2013 Dia Mundial da Alimenta\u00e7\u00e3o \u2013 na Mesquita de Lisboa. Promovido em conjunto pela Comunidade Isl\u00e2mica de Lisboa e pela FEC, este encontro une-se \u00e0 participa\u00e7\u00e3o [&hellip;]<\/p>\n","protected":false},"author":2,"featured_media":2989,"comment_status":"closed","ping_status":"closed","sticky":false,"template":"","format":"standard","meta":{"_et_pb_use_builder":"","_et_pb_old_content":"","_et_gb_content_width":"","footnotes":""},"categories":[36,6],"tags":[],"class_list":["post-2988","post","type-post","status-publish","format-standard","has-post-thumbnail","hentry","category-dialogo-inter-religioso","category-informacoes"],"_links":{"self":[{"href":"https:\/\/sites.ecclesia.pt\/ocpm\/wp-json\/wp\/v2\/posts\/2988","targetHints":{"allow":["GET"]}}],"collection":[{"href":"https:\/\/sites.ecclesia.pt\/ocpm\/wp-json\/wp\/v2\/posts"}],"about":[{"href":"https:\/\/sites.ecclesia.pt\/ocpm\/wp-json\/wp\/v2\/types\/post"}],"author":[{"embeddable":true,"href":"https:\/\/sites.ecclesia.pt\/ocpm\/wp-json\/wp\/v2\/users\/2"}],"replies":[{"embeddable":true,"href":"https:\/\/sites.ecclesia.pt\/ocpm\/wp-json\/wp\/v2\/comments?post=2988"}],"version-history":[{"count":1,"href":"https:\/\/sites.ecclesia.pt\/ocpm\/wp-json\/wp\/v2\/posts\/2988\/revisions"}],"predecessor-version":[{"id":2990,"href":"https:\/\/sites.ecclesia.pt\/ocpm\/wp-json\/wp\/v2\/posts\/2988\/revisions\/2990"}],"wp:featuredmedia":[{"embeddable":true,"href":"https:\/\/sites.ecclesia.pt\/ocpm\/wp-json\/wp\/v2\/media\/2989"}],"wp:attachment":[{"href":"https:\/\/sites.ecclesia.pt\/ocpm\/wp-json\/wp\/v2\/media?parent=2988"}],"wp:term":[{"taxonomy":"category","embeddable":true,"href":"https:\/\/sites.ecclesia.pt\/ocpm\/wp-json\/wp\/v2\/categories?post=2988"},{"taxonomy":"post_tag","embeddable":true,"href":"https:\/\/sites.ecclesia.pt\/ocpm\/wp-json\/wp\/v2\/tags?post=2988"}],"curies":[{"name":"wp","href":"https:\/\/api.w.org\/{rel}","templated":true}]}}