{"id":3959,"date":"2019-10-30T14:55:17","date_gmt":"2019-10-30T14:55:17","guid":{"rendered":"http:\/\/sites.ecclesia.pt\/ocpm\/?p=3959"},"modified":"2019-10-30T14:55:17","modified_gmt":"2019-10-30T14:55:17","slug":"nao-se-trata-apenas-de-migrantes-trata-se-tambem-de-todos-nos","status":"publish","type":"post","link":"https:\/\/sites.ecclesia.pt\/ocpm\/nao-se-trata-apenas-de-migrantes-trata-se-tambem-de-todos-nos\/","title":{"rendered":"N\u00e3o se trata apenas de migrantes, Trata-se tamb\u00e9m de todos n\u00f3s"},"content":{"rendered":"<p dir=\"ltr\">Um apelo a n\u00e3o ficarmos indiferentes pois, como indica o tema do DMMR,\u00a0<strong>n\u00e3o se trata apenas de migrantes, mas trata-se tamb\u00e9m de todos n\u00f3s<\/strong>.<\/p>\n<p dir=\"ltr\">Como<strong>\u00a0<\/strong>nos recordou o Santo Padre, o Senhor pede-nos que ponhamos em pr\u00e1tica a caridade para com as pessoas descartadas e que restauremos a sua humanidade, juntamente com a nossa.<\/p>\n<p dir=\"ltr\">Para<strong>\u00a0<\/strong>que se possam reviver os momentos mais belos deste Dia, enviamos um novo v\u00eddeo com as palavras pronunciadas pelo Papa Francisco durante a celebra\u00e7\u00e3o e recordamos que todo o material produzido pela\u00a0<a href=\"https:\/\/lamachi.us8.list-manage.com\/track\/click?u=04cc9276f22f9a94daad4f964&amp;id=46f28a61ff&amp;e=d43664a54e\" target=\"_blank\" rel=\"noopener noreferrer\" data-saferedirecturl=\"https:\/\/www.google.com\/url?q=https:\/\/lamachi.us8.list-manage.com\/track\/click?u%3D04cc9276f22f9a94daad4f964%26id%3D46f28a61ff%26e%3Dd43664a54e&amp;source=gmail&amp;ust=1572530839531000&amp;usg=AFQjCNE4kN1YjhhugE7CZA54hACxUcZaLQ\">Sec\u00e7\u00e3o Migrantes e Refugiados<\/a>\u00a0durante a campanha comunicativa em prepara\u00e7\u00e3o do DMMR est\u00e1 sempre \u00e0 disposi\u00e7\u00e3o no\u00a0<a href=\"https:\/\/lamachi.us8.list-manage.com\/track\/click?u=04cc9276f22f9a94daad4f964&amp;id=6ac7d7ea40&amp;e=d43664a54e\" target=\"_blank\" rel=\"noopener noreferrer\" data-saferedirecturl=\"https:\/\/www.google.com\/url?q=https:\/\/lamachi.us8.list-manage.com\/track\/click?u%3D04cc9276f22f9a94daad4f964%26id%3D6ac7d7ea40%26e%3Dd43664a54e&amp;source=gmail&amp;ust=1572530839532000&amp;usg=AFQjCNHi7fbQ_Ipmpm1sWIrn2fv6o-BelA\">s\u00edtio internet da Sec\u00e7\u00e3o<\/a>\u00a0e na pasta a isso dedicada a que se pode aceder clicando neste\u00a0<a href=\"https:\/\/lamachi.us8.list-manage.com\/track\/click?u=04cc9276f22f9a94daad4f964&amp;id=60e6f173d1&amp;e=d43664a54e\" target=\"_blank\" rel=\"noopener noreferrer\" data-saferedirecturl=\"https:\/\/www.google.com\/url?q=https:\/\/lamachi.us8.list-manage.com\/track\/click?u%3D04cc9276f22f9a94daad4f964%26id%3D60e6f173d1%26e%3Dd43664a54e&amp;source=gmail&amp;ust=1572530839532000&amp;usg=AFQjCNFx1-oqTE7H7m_j55DeAqQnB3y1Iw\">link<\/a>.<\/p>\n<p><iframe loading=\"lazy\" title=\"Na\u0303o se trata apenas de migrantes. Dia Mundial do Migrante e do Refugiado.\" width=\"1080\" height=\"608\" src=\"https:\/\/www.youtube.com\/embed\/vXaWR8vzcf4?feature=oembed\" frameborder=\"0\" allow=\"accelerometer; autoplay; encrypted-media; gyroscope; picture-in-picture\" allowfullscreen><\/iframe><\/p>\n","protected":false},"excerpt":{"rendered":"<p>Um apelo a n\u00e3o ficarmos indiferentes pois, como indica o tema do DMMR,\u00a0n\u00e3o se trata apenas de migrantes, mas trata-se tamb\u00e9m de todos n\u00f3s. Como\u00a0nos recordou o Santo Padre, o Senhor pede-nos que ponhamos em pr\u00e1tica a caridade para com as pessoas descartadas e que restauremos a sua humanidade, juntamente com a nossa. Para\u00a0que se [&hellip;]<\/p>\n","protected":false},"author":2,"featured_media":3850,"comment_status":"closed","ping_status":"closed","sticky":false,"template":"","format":"standard","meta":{"_et_pb_use_builder":"","_et_pb_old_content":"","_et_gb_content_width":"","footnotes":""},"categories":[12,7,40,10],"tags":[],"class_list":["post-3959","post","type-post","status-publish","format-standard","has-post-thumbnail","hentry","category-campanhas","category-recortes","category-santa-se","category-videos"],"_links":{"self":[{"href":"https:\/\/sites.ecclesia.pt\/ocpm\/wp-json\/wp\/v2\/posts\/3959","targetHints":{"allow":["GET"]}}],"collection":[{"href":"https:\/\/sites.ecclesia.pt\/ocpm\/wp-json\/wp\/v2\/posts"}],"about":[{"href":"https:\/\/sites.ecclesia.pt\/ocpm\/wp-json\/wp\/v2\/types\/post"}],"author":[{"embeddable":true,"href":"https:\/\/sites.ecclesia.pt\/ocpm\/wp-json\/wp\/v2\/users\/2"}],"replies":[{"embeddable":true,"href":"https:\/\/sites.ecclesia.pt\/ocpm\/wp-json\/wp\/v2\/comments?post=3959"}],"version-history":[{"count":1,"href":"https:\/\/sites.ecclesia.pt\/ocpm\/wp-json\/wp\/v2\/posts\/3959\/revisions"}],"predecessor-version":[{"id":3960,"href":"https:\/\/sites.ecclesia.pt\/ocpm\/wp-json\/wp\/v2\/posts\/3959\/revisions\/3960"}],"wp:featuredmedia":[{"embeddable":true,"href":"https:\/\/sites.ecclesia.pt\/ocpm\/wp-json\/wp\/v2\/media\/3850"}],"wp:attachment":[{"href":"https:\/\/sites.ecclesia.pt\/ocpm\/wp-json\/wp\/v2\/media?parent=3959"}],"wp:term":[{"taxonomy":"category","embeddable":true,"href":"https:\/\/sites.ecclesia.pt\/ocpm\/wp-json\/wp\/v2\/categories?post=3959"},{"taxonomy":"post_tag","embeddable":true,"href":"https:\/\/sites.ecclesia.pt\/ocpm\/wp-json\/wp\/v2\/tags?post=3959"}],"curies":[{"name":"wp","href":"https:\/\/api.w.org\/{rel}","templated":true}]}}