{"id":4043,"date":"2020-03-13T16:42:11","date_gmt":"2020-03-13T16:42:11","guid":{"rendered":"http:\/\/sites.ecclesia.pt\/ocpm\/?p=4043"},"modified":"2020-03-13T16:42:11","modified_gmt":"2020-03-13T16:42:11","slug":"assistencia-espiritual-um-testemunho","status":"publish","type":"post","link":"https:\/\/sites.ecclesia.pt\/ocpm\/assistencia-espiritual-um-testemunho\/","title":{"rendered":"Assist\u00eancia Espiritual  &#8211; um testemunho"},"content":{"rendered":"<p>No ver\u00e3o de 1867, o jovem sacerdote Jo\u00e3o Batista Scalabrini toma a iniciativa de dar assist\u00eancia espiritual aos doentes infectados pela c\u00f3lera na cidade de Como<span class=\"text_exposed_show\">, norte da It\u00e1lia, e no povoado de Portichetto, onde das 60 fam\u00edlias, s\u00f3 restaram 15. O gesto heroico e destemido de Pe. Jo\u00e3o Batista Scalabrini foi reconhecido pelo Governo que lhe entregou uma medalha com reconhecimento civil.<\/span><\/p>\n<div class=\"text_exposed_show\">\n<p>Nesta ter\u00e7a-feira (10 de mar\u00e7o), durante a missa na Casa Santa Marta (Vaticano), o Papa Francisco fez esta prece: \u201cRezemos ao Senhor tamb\u00e9m pelos nossos sacerdotes para que tenham a coragem de sair e ir ao encontro dos doentes, levando a for\u00e7a da Palavra de Deus e a Eucaristia, e de acompanhar os profissionais de sa\u00fade, os volunt\u00e1rios, nesse trabalho que est\u00e3o fazendo.\u201d<\/p>\n<p>O Santo Padre pede aos sacerdotes para fazer o que o jovem sacerdote Scalabrini fez no final do s\u00e9culo XIX.<\/p>\n<p>Que o Bem-aventurado Jo\u00e3o Batista Scalabrini ore e interceda por todos os doentes do coronav\u00edrus.<\/p>\n<\/div>\n","protected":false},"excerpt":{"rendered":"<p>No ver\u00e3o de 1867, o jovem sacerdote Jo\u00e3o Batista Scalabrini toma a iniciativa de dar assist\u00eancia espiritual aos doentes infectados pela c\u00f3lera na cidade de Como, norte da It\u00e1lia, e no povoado de Portichetto, onde das 60 fam\u00edlias, s\u00f3 restaram 15. O gesto heroico e destemido de Pe. Jo\u00e3o Batista Scalabrini foi reconhecido pelo Governo [&hellip;]<\/p>\n","protected":false},"author":2,"featured_media":4044,"comment_status":"closed","ping_status":"closed","sticky":false,"template":"","format":"standard","meta":{"_et_pb_use_builder":"","_et_pb_old_content":"","_et_gb_content_width":"","footnotes":""},"categories":[17],"tags":[],"class_list":["post-4043","post","type-post","status-publish","format-standard","has-post-thumbnail","hentry","category-espiritualidade"],"_links":{"self":[{"href":"https:\/\/sites.ecclesia.pt\/ocpm\/wp-json\/wp\/v2\/posts\/4043","targetHints":{"allow":["GET"]}}],"collection":[{"href":"https:\/\/sites.ecclesia.pt\/ocpm\/wp-json\/wp\/v2\/posts"}],"about":[{"href":"https:\/\/sites.ecclesia.pt\/ocpm\/wp-json\/wp\/v2\/types\/post"}],"author":[{"embeddable":true,"href":"https:\/\/sites.ecclesia.pt\/ocpm\/wp-json\/wp\/v2\/users\/2"}],"replies":[{"embeddable":true,"href":"https:\/\/sites.ecclesia.pt\/ocpm\/wp-json\/wp\/v2\/comments?post=4043"}],"version-history":[{"count":1,"href":"https:\/\/sites.ecclesia.pt\/ocpm\/wp-json\/wp\/v2\/posts\/4043\/revisions"}],"predecessor-version":[{"id":4045,"href":"https:\/\/sites.ecclesia.pt\/ocpm\/wp-json\/wp\/v2\/posts\/4043\/revisions\/4045"}],"wp:featuredmedia":[{"embeddable":true,"href":"https:\/\/sites.ecclesia.pt\/ocpm\/wp-json\/wp\/v2\/media\/4044"}],"wp:attachment":[{"href":"https:\/\/sites.ecclesia.pt\/ocpm\/wp-json\/wp\/v2\/media?parent=4043"}],"wp:term":[{"taxonomy":"category","embeddable":true,"href":"https:\/\/sites.ecclesia.pt\/ocpm\/wp-json\/wp\/v2\/categories?post=4043"},{"taxonomy":"post_tag","embeddable":true,"href":"https:\/\/sites.ecclesia.pt\/ocpm\/wp-json\/wp\/v2\/tags?post=4043"}],"curies":[{"name":"wp","href":"https:\/\/api.w.org\/{rel}","templated":true}]}}