{"id":4070,"date":"2020-04-13T22:30:38","date_gmt":"2020-04-13T22:30:38","guid":{"rendered":"http:\/\/sites.ecclesia.pt\/ocpm\/?p=4070"},"modified":"2020-04-13T22:34:43","modified_gmt":"2020-04-13T22:34:43","slug":"nota-da-comissao-episcopal-da-pastoral-social-e-da-mobilidade-humana-da-cep","status":"publish","type":"post","link":"https:\/\/sites.ecclesia.pt\/ocpm\/nota-da-comissao-episcopal-da-pastoral-social-e-da-mobilidade-humana-da-cep\/","title":{"rendered":"Nota da Comiss\u00e3o Episcopal da Pastoral Social e da Mobilidade Humana da CEP"},"content":{"rendered":"<p style=\"font-weight: 400;\">Ao darmos in\u00edcio \u00e0 Semana Santa, dirigimos uma palavra a todas as\u00a0pessoas especialmente envolvidas na Pastoral Social.<\/p>\n<p style=\"font-weight: 400;\">Na circunst\u00e2ncia em que nos encontramos, resultante da pandemia do coronav\u00edrus que provoca a doen\u00e7a Covid-19, as celebra\u00e7\u00f5es da P\u00e1scoa ir\u00e3o acontecer privadamente sem as assembleias de fi\u00e9is, como \u00e9 habitual. Estamos certos de que ningu\u00e9m ficar\u00e1 fora das inten\u00e7\u00f5es de ora\u00e7\u00e3o que ser\u00e3o feitas nestes dias, como j\u00e1 vem acontecendo.<\/p>\n<p style=\"font-weight: 400;\">Queremos, agora, salientar, valorizar e agradecer o esfor\u00e7o demonstrado por muitas pessoas, profissionais e volunt\u00e1rias nas Institui\u00e7\u00f5es de Solidariedade Social, nas Miseric\u00f3rdias, C\u00e1ritas, Vicentinos e outros grupos s\u00f3cio caritativos. Sublinhamos o redobrado esfor\u00e7o das Institui\u00e7\u00f5es Sociais que, com menos colaboradores, conseguiram assegurar a distribui\u00e7\u00e3o de refei\u00e7\u00f5es ao domic\u00edlio, aos utentes que antes apoiavam em Centro de Dia.<\/p>\n<p style=\"font-weight: 400;\">Sublinhamos, tamb\u00e9m, o esfor\u00e7o das C\u00e1ritas Paroquiais, Confer\u00eancias Vicentinas e outros grupos s\u00f3cio caritativos das par\u00f3quias, normalmente assegurados por volunt\u00e1rios\/as, pessoas reformadas aconselhadas, nesta altura, a resguardarem-se. Mesmo assim, estes organismos mantiveram o apoio a pessoas e fam\u00edlias necessitadas, socorrendo-se da ajuda das Autarquias e de pessoas mais jovens, onde se contaram, tamb\u00e9m, escuteiros cat\u00f3licos.<\/p>\n<p style=\"font-weight: 400;\">Salientamos, com elevado apre\u00e7o, o desempenho da miss\u00e3o assumida pelos autarcas. Muitos Presidentes de C\u00e2maras Municipais e Presidentes de Juntas de Freguesia assumiram pessoalmente a coordena\u00e7\u00e3o de assist\u00eancia social das suas respetivas \u00e1reas geogr\u00e1ficas, para que nenhuma pessoa ficasse sem o apoio necess\u00e1rio.<\/p>\n<p style=\"font-weight: 400;\">Registamos, ainda, e com gratid\u00e3o, o testemunho dos m\u00e9dicos e enfermeiros, onde tamb\u00e9m se encontram cat\u00f3licos, na sua entrega a cuidar da sa\u00fade das pessoas nos hospitais, noutras inst\u00e2ncias de sa\u00fade e nos Lares de pessoas idosas. Sabemos tamb\u00e9m que os padres Capel\u00e3es dos Hospitais e Capel\u00e3es dos Estabelecimentos Prisionais est\u00e3o a assegurar a assist\u00eancia poss\u00edvel de acordo com a circunst\u00e2ncia e prud\u00eancia aconselhada.<\/p>\n<p style=\"font-weight: 400;\">Finalmente, informamos que j\u00e1 come\u00e7aram a aparecer nas Dioceses sinais de dificuldade econ\u00f3mica, por parte de algumas fam\u00edlias, como efeito social da Pandemia. Neste sentido, contamos com a C\u00e1ritas e outras Institui\u00e7\u00f5es da Igreja para uma resposta organizada ao aumento de dificuldades sociais que se adivinham.<\/p>\n<p style=\"font-weight: 400;\">A celebra\u00e7\u00e3o do Tr\u00edduo Pascal \u00e9 o centro anual das celebra\u00e7\u00f5es lit\u00fargicas da Igreja. Mas a a\u00e7\u00e3o caritativa da Pastoral Social n\u00e3o \u00e9 um ap\u00eandice, faz parte da \u201cnatureza \u00edntima da Igreja\u201d (Papa Bento XVI). Por isso, com os condicionalismos previstos, celebraremos a P\u00e1scoa, n\u00e3o esquecendo os migrantes, as pessoas com defici\u00eancia, os doentes, os pobres, as fam\u00edlias enlutadas e todos os que est\u00e3o envolvidos na Pastoral Social.<\/p>\n<p style=\"font-weight: 400;\">Deus aben\u00e7oe todas as pessoas envolvidas na resposta ao efeito da Pandemia.<\/p>\n<p style=\"font-weight: 400;\">Santar\u00e9m, 04 de abril de 2020<\/p>\n<p style=\"font-weight: 400;\">+ Jos\u00e9 Traquina,<\/p>\n<p style=\"font-weight: 400;\">presidente da Comiss\u00e3o Episcopal da Pastoral Social e Mobilidade Humana<\/p>\n<p style=\"font-weight: 400;\">\n","protected":false},"excerpt":{"rendered":"<p>A celebra\u00e7\u00e3o do Tr\u00edduo Pascal \u00e9 o centro anual das celebra\u00e7\u00f5es lit\u00fargicas da Igreja. Mas a a\u00e7\u00e3o caritativa da Pastoral Social n\u00e3o \u00e9 um ap\u00eandice, faz parte da \u201cnatureza \u00edntima da Igreja\u201d (Papa Bento XVI). Por isso, com os condicionalismos previstos, celebraremos a P\u00e1scoa, n\u00e3o esquecendo os migrantes, as pessoas com defici\u00eancia, os doentes, os pobres, as fam\u00edlias enlutadas e todos os que est\u00e3o envolvidos na Pastoral Social.<\/p>\n","protected":false},"author":2,"featured_media":0,"comment_status":"closed","ping_status":"closed","sticky":false,"template":"","format":"standard","meta":{"_et_pb_use_builder":"","_et_pb_old_content":"","_et_gb_content_width":"","footnotes":""},"categories":[59,5,54],"tags":[],"class_list":["post-4070","post","type-post","status-publish","format-standard","hentry","category-comissao-episcopal","category-documentos","category-mensagens"],"_links":{"self":[{"href":"https:\/\/sites.ecclesia.pt\/ocpm\/wp-json\/wp\/v2\/posts\/4070","targetHints":{"allow":["GET"]}}],"collection":[{"href":"https:\/\/sites.ecclesia.pt\/ocpm\/wp-json\/wp\/v2\/posts"}],"about":[{"href":"https:\/\/sites.ecclesia.pt\/ocpm\/wp-json\/wp\/v2\/types\/post"}],"author":[{"embeddable":true,"href":"https:\/\/sites.ecclesia.pt\/ocpm\/wp-json\/wp\/v2\/users\/2"}],"replies":[{"embeddable":true,"href":"https:\/\/sites.ecclesia.pt\/ocpm\/wp-json\/wp\/v2\/comments?post=4070"}],"version-history":[{"count":3,"href":"https:\/\/sites.ecclesia.pt\/ocpm\/wp-json\/wp\/v2\/posts\/4070\/revisions"}],"predecessor-version":[{"id":4073,"href":"https:\/\/sites.ecclesia.pt\/ocpm\/wp-json\/wp\/v2\/posts\/4070\/revisions\/4073"}],"wp:attachment":[{"href":"https:\/\/sites.ecclesia.pt\/ocpm\/wp-json\/wp\/v2\/media?parent=4070"}],"wp:term":[{"taxonomy":"category","embeddable":true,"href":"https:\/\/sites.ecclesia.pt\/ocpm\/wp-json\/wp\/v2\/categories?post=4070"},{"taxonomy":"post_tag","embeddable":true,"href":"https:\/\/sites.ecclesia.pt\/ocpm\/wp-json\/wp\/v2\/tags?post=4070"}],"curies":[{"name":"wp","href":"https:\/\/api.w.org\/{rel}","templated":true}]}}