{"id":4105,"date":"2020-04-28T23:05:05","date_gmt":"2020-04-28T23:05:05","guid":{"rendered":"http:\/\/sites.ecclesia.pt\/ocpm\/?p=4105"},"modified":"2020-04-28T23:05:05","modified_gmt":"2020-04-28T23:05:05","slug":"migrantes-sacramento-de-catolicidade","status":"publish","type":"post","link":"https:\/\/sites.ecclesia.pt\/ocpm\/migrantes-sacramento-de-catolicidade\/","title":{"rendered":"Migrantes: sacramento de Catolicidade"},"content":{"rendered":"<p>Testemunho do Dr. Jos\u00e9 da Silva Coutinho, falecido ontem em Portugal ap\u00f3s doen\u00e7a prolongada, por ocasi\u00e3o do 1\u00ba Congresso Mundial das Comunidades Portuguesas, realizado pela Confer\u00eancia Episcopal Portuguesa, no Porto, no final de Mar\u00e7o de 2005. Um homem-ponte em que a f\u00e9 e a esperan\u00e7a crist\u00e3s o guiaram no sonho de uma igreja aberta a todos, e a todos enviada na fidelidade ao Evangelho de Cristo.<\/p>\n<p>Migrantes : sacramento de catolicidade para uma Igreja aberta a todos<\/p>\n<p>\u201c E foi no s<span class=\"text_exposed_show\">eio desta igreja em Fran\u00e7a que os portugueses surgiram, \u00e0 maneira de um sacramento de catolicidade, abrindo-a \u00e0 diversidade de povos, de origens, de culturas e l\u00ednguas, sinal e meio da unidade de todo o G\u00e9nero humano e da uni\u00e3o intima com esse Deus que invocamos com Pai, cada um nas nossas diferentes l\u00ednguas. Quando, em 1996, os bispos de Fran\u00e7a escreviam, na Carta Pastoral aos cat\u00f3licos de Fran\u00e7a, que era urgente reconhecer que as fam\u00edlias cat\u00f3licas da imigra\u00e7\u00e3o eram, hoje, as \u00fanicas capazes de dar testemunho do Evangelho nos bairros das periferias das grandes cidades e nas zonas de fractura humana e social, davam corpo \u00e1 quilo que escrevia dez anos mais cedo o saudoso Padre Manuel Ant\u00f3nio Pimentel, padre dos A\u00e7ores ao servi\u00e7o da Pastoral das migra\u00e7\u00f5es em Fran\u00e7a: \u201ctenho uma preocupa\u00e7\u00e3o permanente : que podemos fazer para que os imigrantes assumam, no quadro da Igreja em Fran\u00e7a, a sua pr\u00f3pria palavra de maneira vis\u00edvel e colectiva? Como permitir que passem do estado de \u201cpessoas de quem se fala\u201d ao estado de \u201cpessoas que falam?\u201d. (Livro de Actas, 1\u00ba Encontro Mundial das Comunidades Portuguesas, \u201cMigra\u00e7\u00f5es em Portugal : ousar a Mem\u00f3ria, fortalecer a Cidadania\u201d, 2006, Gr\u00e1fica de Coimbra, p\u00e1g. 139)<\/span><\/p>\n","protected":false},"excerpt":{"rendered":"<p>Testemunho do Dr. Jos\u00e9 da Silva Coutinho, falecido ontem em Portugal ap\u00f3s doen\u00e7a prolongada, por ocasi\u00e3o do 1\u00ba Congresso Mundial das Comunidades Portuguesas, realizado pela Confer\u00eancia Episcopal Portuguesa, no Porto, no final de Mar\u00e7o de 2005. Um homem-ponte em que a f\u00e9 e a esperan\u00e7a crist\u00e3s o guiaram no sonho de uma igreja aberta a [&hellip;]<\/p>\n","protected":false},"author":2,"featured_media":4084,"comment_status":"closed","ping_status":"closed","sticky":false,"template":"","format":"standard","meta":{"_et_pb_use_builder":"","_et_pb_old_content":"","_et_gb_content_width":"","footnotes":""},"categories":[5,55,19,21],"tags":[],"class_list":["post-4105","post","type-post","status-publish","format-standard","has-post-thumbnail","hentry","category-documentos","category-migrantes","category-missoes","category-publicacoes"],"_links":{"self":[{"href":"https:\/\/sites.ecclesia.pt\/ocpm\/wp-json\/wp\/v2\/posts\/4105","targetHints":{"allow":["GET"]}}],"collection":[{"href":"https:\/\/sites.ecclesia.pt\/ocpm\/wp-json\/wp\/v2\/posts"}],"about":[{"href":"https:\/\/sites.ecclesia.pt\/ocpm\/wp-json\/wp\/v2\/types\/post"}],"author":[{"embeddable":true,"href":"https:\/\/sites.ecclesia.pt\/ocpm\/wp-json\/wp\/v2\/users\/2"}],"replies":[{"embeddable":true,"href":"https:\/\/sites.ecclesia.pt\/ocpm\/wp-json\/wp\/v2\/comments?post=4105"}],"version-history":[{"count":1,"href":"https:\/\/sites.ecclesia.pt\/ocpm\/wp-json\/wp\/v2\/posts\/4105\/revisions"}],"predecessor-version":[{"id":4106,"href":"https:\/\/sites.ecclesia.pt\/ocpm\/wp-json\/wp\/v2\/posts\/4105\/revisions\/4106"}],"wp:featuredmedia":[{"embeddable":true,"href":"https:\/\/sites.ecclesia.pt\/ocpm\/wp-json\/wp\/v2\/media\/4084"}],"wp:attachment":[{"href":"https:\/\/sites.ecclesia.pt\/ocpm\/wp-json\/wp\/v2\/media?parent=4105"}],"wp:term":[{"taxonomy":"category","embeddable":true,"href":"https:\/\/sites.ecclesia.pt\/ocpm\/wp-json\/wp\/v2\/categories?post=4105"},{"taxonomy":"post_tag","embeddable":true,"href":"https:\/\/sites.ecclesia.pt\/ocpm\/wp-json\/wp\/v2\/tags?post=4105"}],"curies":[{"name":"wp","href":"https:\/\/api.w.org\/{rel}","templated":true}]}}