{"id":4114,"date":"2020-04-28T23:41:36","date_gmt":"2020-04-28T23:41:36","guid":{"rendered":"http:\/\/sites.ecclesia.pt\/ocpm\/?p=4114"},"modified":"2020-04-28T23:41:36","modified_gmt":"2020-04-28T23:41:36","slug":"nao-deixar-ninguem-para-tras","status":"publish","type":"post","link":"https:\/\/sites.ecclesia.pt\/ocpm\/nao-deixar-ninguem-para-tras\/","title":{"rendered":"N\u00e3o deixar ningu\u00e9m para tr\u00e1s"},"content":{"rendered":"<p>https:\/\/www.vaticannews.va\/pt\/igreja\/news\/2020-04\/portugal-imigracao-nao-deixar-ninguem-para-tras.html?fbclid=IwAR2fbK27u5g19RBpL4lq9vXgMQwWvjYYYXeLsP-VBz24-gcIZhoVhjOtQSc<\/p>\n<p><strong>Domingos Pinto \u2013 Lisboa<\/strong><\/p>\n<p>\u201cN\u00e3o deixar ningu\u00e9m para tr\u00e1s, n\u00e3o nos esquecermos dos mais vulner\u00e1veis\u201d.<\/p>\n<p>\u00c9 desta forma que Eug\u00e9nia Quaresma, diretora da Obra Cat\u00f3lica Portuguesa das Migra\u00e7\u00f5es destaca \u00e0 VATICAN NEWS a medida tomada pelo governo de regularizar todos os estrangeiros que tinham pedido visto de resid\u00eancia at\u00e9 \u00e0 declara\u00e7\u00e3o do estado de emerg\u00eancia, 18 de\u00a0mar\u00e7o.<\/p>\n<p>Ou\u00e7a e compartilhe!<\/p>\n<p>Uma medida que s\u00f3 \u00e9 v\u00e1lida durante o regime especial do Governo devido \u00e0 pandemia da covid-19, uma doen\u00e7a que \u201catinge a todos e for\u00e7a-nos a trabalhar em conjunto e a procurarmos solu\u00e7\u00f5es em conjunto\u201d, diz aquela respons\u00e1vel.<\/p>\n<p>\u201cNo fundo \u00e9 um voto de confian\u00e7a a estes cidad\u00e3os que j\u00e1 est\u00e3o entre n\u00f3s e que j\u00e1 contribuem para a nossa sociedade\u201d, sublinha a diretora da OCPM que refere j\u00e1 situa\u00e7\u00f5es de car\u00eancia e necessidade, ou seja, pessoas que j\u00e1 procuram as institui\u00e7\u00f5es da Igreja (IPSS) \u201cpor causa dos alimentos\u201d.<\/p>\n<p>Segundo o despacho governamental, para atestar a sua situa\u00e7\u00e3o legalizada, s\u00e3o v\u00e1lidos os comprovativos de manifesta\u00e7\u00e3o de interesse ou o pedido emitido pelas plataformas de registo em uso no SEF; e para os pedidos de concess\u00f5es ou renova\u00e7\u00f5es de autoriza\u00e7\u00e3o de resid\u00eancia, seja do regime geral ou dos regimes excecionais, atrav\u00e9s de documento comprovativo do agendamento no SEF ou de recibo comprovativo de pedido efetuado.<\/p>\n<p>Os comprovativos referidos s\u00e3o considerados v\u00e1lidos perante todos os servi\u00e7os p\u00fablicos, designadamente para obten\u00e7\u00e3o do n\u00famero de utente, acesso ao Servi\u00e7o Nacional de Sa\u00fade ou a outros direitos de assist\u00eancia \u00e0 sa\u00fade, acesso \u00e0s presta\u00e7\u00f5es sociais de apoio, celebra\u00e7\u00e3o de contratos de arrendamento, celebra\u00e7\u00e3o de contratos de trabalho, abertura de contas banc\u00e1rias e contrata\u00e7\u00e3o de servi\u00e7os p\u00fablicos essenciais&#8221;, uma medida que abrange tamb\u00e9m os requerentes de asilo.<\/p>\n<p>O Servi\u00e7o de Estrangeiros e Fronteiras apenas mant\u00e9m o atendimento presencial para os pedidos considerados urgentes,&#8221; ou seja, &#8220;cidad\u00e3os que comprovem a necessidade urgente e inadi\u00e1vel de se ausentar do territ\u00f3rio nacional, por motivos imponder\u00e1veis e inadi\u00e1veis e cidad\u00e3os a quem tenham sido furtados, roubados ou extraviados os documentos&#8221;.<\/p>\n<p>O atendimento ao p\u00fablico do Gabinete de Asilo e Refugiados mant\u00e9m-se aberto para a apresenta\u00e7\u00e3o e registo de novos pedidos de prote\u00e7\u00e3o internacional, suspendendo-se os prazos legais nos processos de prote\u00e7\u00e3o internacional.<\/p>\n<p>Para os casos de emiss\u00e3o urgente de passaportes, o SEF mant\u00e9m o funcionamento das lojas do Passaporte do Aeroporto do Porto e de Lisboa, devendo os pedidos ser solicitados atrav\u00e9s do respetivo centro de contacto ou do endere\u00e7o eletr\u00f3nico.<\/p>\n<p>Em rela\u00e7\u00e3o aos estrangeiros que nunca deram entrada com nenhum processo de regulariza\u00e7\u00e3o no Servi\u00e7o de Estrangeiros e Fronteiras at\u00e9 ao dia em que foi declarado o estado de emerg\u00eancia, v\u00e3o ter direito aos cuidados de sa\u00fade.<\/p>\n<p>Os imigrantes indocumentados v\u00e3o poder submeter os pedidos durante o per\u00edodo de estado de emerg\u00eancia, mas n\u00e3o s\u00e3o abrangidos pela medida de regulariza\u00e7\u00e3o de documenta\u00e7\u00e3o que entrou em vigor em 19 de\u00a0mar\u00e7o.<\/p>\n","protected":false},"excerpt":{"rendered":"<p>Governo regulariza todos os estrangeiros que tinham pedido visto de resid\u00eancia at\u00e9 \u00e0 declara\u00e7\u00e3o do estado de emerg\u00eancia, 18 de mar\u00e7o, uma medida que s\u00f3 \u00e9 v\u00e1lida durante o regime especial devido \u00e0 pandemia da Covid-19.<\/p>\n","protected":false},"author":2,"featured_media":4115,"comment_status":"closed","ping_status":"closed","sticky":false,"template":"","format":"standard","meta":{"_et_pb_use_builder":"","_et_pb_old_content":"","_et_gb_content_width":"","footnotes":""},"categories":[55,7],"tags":[],"class_list":["post-4114","post","type-post","status-publish","format-standard","has-post-thumbnail","hentry","category-migrantes","category-recortes"],"_links":{"self":[{"href":"https:\/\/sites.ecclesia.pt\/ocpm\/wp-json\/wp\/v2\/posts\/4114","targetHints":{"allow":["GET"]}}],"collection":[{"href":"https:\/\/sites.ecclesia.pt\/ocpm\/wp-json\/wp\/v2\/posts"}],"about":[{"href":"https:\/\/sites.ecclesia.pt\/ocpm\/wp-json\/wp\/v2\/types\/post"}],"author":[{"embeddable":true,"href":"https:\/\/sites.ecclesia.pt\/ocpm\/wp-json\/wp\/v2\/users\/2"}],"replies":[{"embeddable":true,"href":"https:\/\/sites.ecclesia.pt\/ocpm\/wp-json\/wp\/v2\/comments?post=4114"}],"version-history":[{"count":1,"href":"https:\/\/sites.ecclesia.pt\/ocpm\/wp-json\/wp\/v2\/posts\/4114\/revisions"}],"predecessor-version":[{"id":4116,"href":"https:\/\/sites.ecclesia.pt\/ocpm\/wp-json\/wp\/v2\/posts\/4114\/revisions\/4116"}],"wp:featuredmedia":[{"embeddable":true,"href":"https:\/\/sites.ecclesia.pt\/ocpm\/wp-json\/wp\/v2\/media\/4115"}],"wp:attachment":[{"href":"https:\/\/sites.ecclesia.pt\/ocpm\/wp-json\/wp\/v2\/media?parent=4114"}],"wp:term":[{"taxonomy":"category","embeddable":true,"href":"https:\/\/sites.ecclesia.pt\/ocpm\/wp-json\/wp\/v2\/categories?post=4114"},{"taxonomy":"post_tag","embeddable":true,"href":"https:\/\/sites.ecclesia.pt\/ocpm\/wp-json\/wp\/v2\/tags?post=4114"}],"curies":[{"name":"wp","href":"https:\/\/api.w.org\/{rel}","templated":true}]}}