{"id":568,"date":"2008-04-30T00:00:00","date_gmt":"2008-04-30T00:00:00","guid":{"rendered":"https:\/\/sites.ecclesia.pt\/onpciganos\/2008\/04\/30\/relacao-ancestral-dos-ciganos-com-a-india\/"},"modified":"2008-04-30T00:00:00","modified_gmt":"2008-04-30T00:00:00","slug":"relacao-ancestral-dos-ciganos-com-a-india","status":"publish","type":"post","link":"https:\/\/sites.ecclesia.pt\/onpciganos\/relacao-ancestral-dos-ciganos-com-a-india\/","title":{"rendered":"RELA\u00c7\u00c3O ANCESTRAL DOS CIGANOS COM A \u00cdNDIA"},"content":{"rendered":"<p>Segundo o editor da Rede Virtual Cigana, Valery Novoselsky (ERIO, 1 Nov &#8211; ver n\u00ba 47) estimam-se em 12 milh\u00f5es os ciganos na Europa e 8 milh\u00f5es nas Am\u00e9ricas e noutros continentes.<br \/>\n<!--more--><br \/>\nRELA\u00c7\u00c3O ANCESTRAL DOS CIGANOS COM A \u00cdNDIA<br \/>\nSegundo o editor da Rede Virtual Cigana, Valery Novoselsky (ERIO, 1 Nov &#8211; ver n\u00ba 47) estimam-se em 12 milh\u00f5es os ciganos na Europa e 8 milh\u00f5es nas Am\u00e9ricas e noutros continentes.<br \/>\n\u2022\tOs ciganos migraram do Norte da \u00cdndia nos s\u00e9cs. X e XI.<br \/>\n\u2022\tA pobreza e as opress\u00f5es de castas, al\u00e9m da invas\u00e3o isl\u00e2mica da \u00cdndia por Mohammad Ghazni s\u00e3o as raz\u00f5es mais apontadas para a migra\u00e7\u00e3o. Tamb\u00e9m se pensa que os invasores mu\u00e7ulmanos ter\u00e3o levado escravos para os seus pa\u00edses de origem para lhes levar as bagagens e como artistas, cal\u00edgrafos e artes\u00e3os do ferro e de outros of\u00edcios.<br \/>\n\u2022\tPensa-se que Alexandre regressou da \u00cdndia depois de a n\u00e3o ter conseguido conquistar, com centenas de milhares de naturais cujos descendentes podem ser os ciganos de hoje.<br \/>\n\u2022\tA rota mais prov\u00e1vel ter\u00e1 sido da \u00cdndia para o Afeganist\u00e3o, para o Ir\u00e3o, Iraque, Turquia e at\u00e9 os Balc\u00e3s.<br \/>\n\u2022\tNo final do s\u00e9c. XIV quando os Turcos chegaram aos Balc\u00e3s, com a expans\u00e3o do Imp\u00e9rio Otomano, os ciganos foram utilizados nas constru\u00e7\u00f5es do imperador pelos seus conhecimentos como fabricantes de tijolos, armas, ferramentas, cestos, olaria e carpintaria. Tamb\u00e9m os m\u00fasicos e artistas de espect\u00e1culo tinham grande procura. Os ciganos ainda est\u00e3o entre os mais importantes criadores de cavalos na Europa, o que era indispens\u00e1vel para a elite medieval.<br \/>\n\u2022\tPensa-se que a maior parte das igrejas Ortodoxas constru\u00eddas no alto das montanhas utilizaram ciganos como oper\u00e1rios.<br \/>\nSemelhan\u00e7as culturais com a \u00cdndia<br \/>\nO romani tem muitas semelhan\u00e7as com o s\u00e2nscrito e o p\u00e1li, l\u00ednguas utilizadas nos s\u00e9cs. X e XI. No que se refere \u00e0s tradi\u00e7\u00f5es, o sistema de castas pode ter dado origem \u00e0 vida em comunidades familiares. As tradi\u00e7\u00f5es do casamento t\u00eam as suas origens nos costumes de algumas comunidades na \u00cdndia e tamb\u00e9m entre os \u00e1rabes. <\/p>\n","protected":false},"excerpt":{"rendered":"<p>Segundo o editor da Rede Virtual Cigana, Valery Novoselsky (ERIO, 1 Nov &#8211; ver n\u00ba 47) estimam-se em 12 milh\u00f5es os ciganos na Europa e 8 milh\u00f5es nas Am\u00e9ricas e noutros continentes.<\/p>\n","protected":false},"author":1,"featured_media":0,"comment_status":"open","ping_status":"open","sticky":false,"template":"","format":"standard","meta":{"_et_pb_use_builder":"","_et_pb_old_content":"","_et_gb_content_width":"","footnotes":""},"categories":[10],"tags":[],"class_list":["post-568","post","type-post","status-publish","format-standard","hentry","category-diversos"],"_links":{"self":[{"href":"https:\/\/sites.ecclesia.pt\/onpciganos\/wp-json\/wp\/v2\/posts\/568","targetHints":{"allow":["GET"]}}],"collection":[{"href":"https:\/\/sites.ecclesia.pt\/onpciganos\/wp-json\/wp\/v2\/posts"}],"about":[{"href":"https:\/\/sites.ecclesia.pt\/onpciganos\/wp-json\/wp\/v2\/types\/post"}],"author":[{"embeddable":true,"href":"https:\/\/sites.ecclesia.pt\/onpciganos\/wp-json\/wp\/v2\/users\/1"}],"replies":[{"embeddable":true,"href":"https:\/\/sites.ecclesia.pt\/onpciganos\/wp-json\/wp\/v2\/comments?post=568"}],"version-history":[{"count":0,"href":"https:\/\/sites.ecclesia.pt\/onpciganos\/wp-json\/wp\/v2\/posts\/568\/revisions"}],"wp:attachment":[{"href":"https:\/\/sites.ecclesia.pt\/onpciganos\/wp-json\/wp\/v2\/media?parent=568"}],"wp:term":[{"taxonomy":"category","embeddable":true,"href":"https:\/\/sites.ecclesia.pt\/onpciganos\/wp-json\/wp\/v2\/categories?post=568"},{"taxonomy":"post_tag","embeddable":true,"href":"https:\/\/sites.ecclesia.pt\/onpciganos\/wp-json\/wp\/v2\/tags?post=568"}],"curies":[{"name":"wp","href":"https:\/\/api.w.org\/{rel}","templated":true}]}}